{"id":8957,"date":"2026-03-06T15:57:59","date_gmt":"2026-03-06T07:57:59","guid":{"rendered":"https:\/\/www.mekeltech.com\/?p=8957"},"modified":"2026-03-25T18:03:19","modified_gmt":"2026-03-25T10:03:19","slug":"how-to-test-a-home-ev-charger","status":"publish","type":"post","link":"https:\/\/www.mekeltech.com\/pt\/how-to-test-a-home-ev-charger\/","title":{"rendered":"Como testar um carregador EV dom\u00e9stico?"},"content":{"rendered":"<div data-elementor-type=\"wp-post\" data-elementor-id=\"8957\" class=\"elementor elementor-8957\" data-elementor-post-type=\"post\">\n\t\t\t\t<div class=\"elementor-element elementor-element-135422e e-flex e-con-boxed e-con e-parent\" data-id=\"135422e\" data-element_type=\"container\" data-e-type=\"container\">\n\t\t\t\t\t<div class=\"e-con-inner\">\n\t\t\t\t<div class=\"elementor-element elementor-element-bdcd3a2 elementor-widget elementor-widget-heading\" data-id=\"bdcd3a2\" data-element_type=\"widget\" data-e-type=\"widget\" data-widget_type=\"heading.default\">\n\t\t\t\t<div class=\"elementor-widget-container\">\n\t\t\t\t\t<h2 class=\"elementor-heading-title elementor-size-default\">Porque \u00e9 que \u00e9 importante testar o seu carregador dom\u00e9stico de ve\u00edculos el\u00e9ctricos<\/h2>\t\t\t\t<\/div>\n\t\t\t\t<\/div>\n\t\t\t\t<div class=\"elementor-element elementor-element-590c76e elementor-widget elementor-widget-text-editor\" data-id=\"590c76e\" data-element_type=\"widget\" data-e-type=\"widget\" data-widget_type=\"text-editor.default\">\n\t\t\t\t<div class=\"elementor-widget-container\">\n\t\t\t\t\t\t\t\t\t<p>A posse de um ve\u00edculo el\u00e9trico traz novas responsabilidades que a maioria dos condutores nunca considerou antes. Entre elas, a de assegurar que o equipamento de carregamento funciona corretamente e em seguran\u00e7a. O mau funcionamento de um carregador de ve\u00edculos el\u00e9ctricos em casa cria mais do que um inconveniente. Os riscos de seguran\u00e7a, os danos no ve\u00edculo e as frustrantes falhas de carregamento tornam-se poss\u00edveis quando o equipamento n\u00e3o \u00e9 testado.<\/p><p>Os testes regulares detectam os problemas numa fase inicial. Os pequenos problemas identificados rapidamente raramente se transformam em repara\u00e7\u00f5es dispendiosas. As liga\u00e7\u00f5es el\u00e9ctricas afrouxam com o tempo. Os componentes desgastam-se gradualmente. A exposi\u00e7\u00e3o \u00e0s intemp\u00e9ries tem o seu pre\u00e7o nas instala\u00e7\u00f5es exteriores. Sem uma verifica\u00e7\u00e3o peri\u00f3dica, estes problemas passam despercebidos at\u00e9 que algo falha efetivamente.<\/p><p>A boa not\u00edcia? B\u00e1sico <a href=\"https:\/\/www.mekeltech.com\/pt\/product-category\/home-ev-charger\/\"><strong>carregador EV dom\u00e9stico <\/strong><\/a>Os testes n\u00e3o requerem forma\u00e7\u00e3o profissional nem equipamento dispendioso para a maioria das verifica\u00e7\u00f5es. Os propriet\u00e1rios de casas que se sintam confort\u00e1veis com a seguran\u00e7a el\u00e9ctrica b\u00e1sica podem fazer eles pr\u00f3prios as verifica\u00e7\u00f5es de rotina. No entanto, \u00e9 igualmente importante saber quando \u00e9 necess\u00e1ria ajuda profissional - alguns testes requerem absolutamente t\u00e9cnicos qualificados.<\/p>\t\t\t\t\t\t\t\t<\/div>\n\t\t\t\t<\/div>\n\t\t\t\t<div class=\"elementor-element elementor-element-ee72d84 elementor-position-top elementor-widget elementor-widget-image-box\" data-id=\"ee72d84\" data-element_type=\"widget\" data-e-type=\"widget\" data-widget_type=\"image-box.default\">\n\t\t\t\t<div class=\"elementor-widget-container\">\n\t\t\t\t\t<div class=\"elementor-image-box-wrapper\"><figure class=\"elementor-image-box-img\"><a href=\"https:\/\/www.mekeltech.com\/pt\/product\/7-22kw-portable-ev-charger-offerings\/\" tabindex=\"-1\"><img fetchpriority=\"high\" decoding=\"async\" width=\"800\" height=\"800\" src=\"https:\/\/www.mekeltech.com\/wp-content\/uploads\/2025\/04\/37.webp\" class=\"attachment-full size-full wp-image-2264\" alt=\"Carregador port\u00e1til EV\" srcset=\"https:\/\/www.mekeltech.com\/wp-content\/uploads\/2025\/04\/37.webp 800w, https:\/\/www.mekeltech.com\/wp-content\/uploads\/2025\/04\/37-300x300.webp 300w, https:\/\/www.mekeltech.com\/wp-content\/uploads\/2025\/04\/37-150x150.webp 150w, https:\/\/www.mekeltech.com\/wp-content\/uploads\/2025\/04\/37-768x768.webp 768w, https:\/\/www.mekeltech.com\/wp-content\/uploads\/2025\/04\/37-12x12.webp 12w\" sizes=\"(max-width: 800px) 100vw, 800px\" \/><\/a><\/figure><div class=\"elementor-image-box-content\"><span class=\"elementor-image-box-title\"><a href=\"https:\/\/www.mekeltech.com\/pt\/product\/7-22kw-portable-ev-charger-offerings\/\">Carregador EV port\u00e1til de 7-22kW<\/a><\/span><\/div><\/div>\t\t\t\t<\/div>\n\t\t\t\t<\/div>\n\t\t\t\t<div class=\"elementor-element elementor-element-ba02add elementor-widget elementor-widget-heading\" data-id=\"ba02add\" data-element_type=\"widget\" data-e-type=\"widget\" data-widget_type=\"heading.default\">\n\t\t\t\t<div class=\"elementor-widget-container\">\n\t\t\t\t\t<h2 class=\"elementor-heading-title elementor-size-default\">Seguran\u00e7a em primeiro lugar ao testar um carregador EV dom\u00e9stico<\/h2>\t\t\t\t<\/div>\n\t\t\t\t<\/div>\n\t\t\t\t<div class=\"elementor-element elementor-element-2b034cf elementor-widget elementor-widget-heading\" data-id=\"2b034cf\" data-element_type=\"widget\" data-e-type=\"widget\" data-widget_type=\"heading.default\">\n\t\t\t\t<div class=\"elementor-widget-container\">\n\t\t\t\t\t<h3 class=\"elementor-heading-title elementor-size-default\">Precau\u00e7\u00f5es b\u00e1sicas que todos devem seguir<\/h3>\t\t\t\t<\/div>\n\t\t\t\t<\/div>\n\t\t\t\t<div class=\"elementor-element elementor-element-95d9eb9 elementor-widget elementor-widget-text-editor\" data-id=\"95d9eb9\" data-element_type=\"widget\" data-e-type=\"widget\" data-widget_type=\"text-editor.default\">\n\t\t\t\t<div class=\"elementor-widget-container\">\n\t\t\t\t\t\t\t\t\t<p>O equipamento el\u00e9trico exige respeito. Mesmo as instala\u00e7\u00f5es de carregadores de ve\u00edculos el\u00e9ctricos dom\u00e9sticos de pot\u00eancia relativamente baixa t\u00eam corrente suficiente para causar ferimentos graves. Tomar as devidas precau\u00e7\u00f5es evita acidentes que ningu\u00e9m quer sofrer.<\/p><p>As pr\u00e1ticas de seguran\u00e7a essenciais incluem:<br \/>- Nunca efetuar o teste com as m\u00e3os molhadas ou quando estiver sobre superf\u00edcies molhadas<br \/>- Assegurar que o ve\u00edculo n\u00e3o est\u00e1 ligado durante a maioria dos ensaios<br \/>- Evitar abrir caixas de equipamento sem as qualifica\u00e7\u00f5es adequadas<br \/>- Utilizar ferramentas isoladas para trabalhos el\u00e9ctricos<br \/>- Saber onde se encontra o disjuntor antes de come\u00e7ar<br \/>- Pare imediatamente se algo parecer invulgar<\/p><p>Estas precau\u00e7\u00f5es parecem talvez \u00f3bvias. No entanto, a pressa em efetuar os testes - saltando etapas de seguran\u00e7a porque tudo parecia bem da \u00faltima vez - causa regularmente acidentes evit\u00e1veis. A complac\u00eancia em rela\u00e7\u00e3o \u00e0 eletricidade nunca acaba bem.<\/p>\t\t\t\t\t\t\t\t<\/div>\n\t\t\t\t<\/div>\n\t\t\t\t<div class=\"elementor-element elementor-element-caf1e97 elementor-widget elementor-widget-heading\" data-id=\"caf1e97\" data-element_type=\"widget\" data-e-type=\"widget\" data-widget_type=\"heading.default\">\n\t\t\t\t<div class=\"elementor-widget-container\">\n\t\t\t\t\t<h3 class=\"elementor-heading-title elementor-size-default\">Compreender os seus limites<\/h3>\t\t\t\t<\/div>\n\t\t\t\t<\/div>\n\t\t\t\t<div class=\"elementor-element elementor-element-5d7acd7 elementor-widget elementor-widget-text-editor\" data-id=\"5d7acd7\" data-element_type=\"widget\" data-e-type=\"widget\" data-widget_type=\"text-editor.default\">\n\t\t\t\t<div class=\"elementor-widget-container\">\n\t\t\t\t\t\t\t\t\t<p>Os propriet\u00e1rios de casas podem efetuar com seguran\u00e7a inspec\u00e7\u00f5es visuais e testes funcionais b\u00e1sicos. Tudo o que envolva a abertura de inv\u00f3lucros el\u00e9ctricos, a medi\u00e7\u00e3o direta de tens\u00f5es ou a modifica\u00e7\u00e3o da cablagem requer electricistas licenciados. A linha entre os testes adequados para bricolage e os testes exigidos por profissionais existe por boas raz\u00f5es.<\/p><p>Situa\u00e7\u00f5es que exigem um envolvimento profissional:<\/p><ol><li>Cheiros a queimado ou danos vis\u00edveis nos componentes<\/li><li>Disparos de disjuntores que n\u00e3o s\u00e3o repostos<\/li><li>Suspeita de problemas na cablagem<\/li><li>Desempenho significativamente inferior \u00e0s especifica\u00e7\u00f5es nominais<\/li><li>Qualquer falha de componentes internos<\/li><li>Intrus\u00e3o de \u00e1gua em caixas el\u00e9ctricas<\/li><\/ol><p>A tentativa de efetuar repara\u00e7\u00f5es que n\u00e3o sejam da compet\u00eancia pessoal pode provocar ferimentos e anular as garantias. Pior ainda, um trabalho el\u00e9trico inadequado cria riscos de inc\u00eandio que podem n\u00e3o se manifestar imediatamente, mas que se transformam em problemas graves ao longo do tempo.<\/p>\t\t\t\t\t\t\t\t<\/div>\n\t\t\t\t<\/div>\n\t\t\t\t<div class=\"elementor-element elementor-element-c1bd085 elementor-widget elementor-widget-heading\" data-id=\"c1bd085\" data-element_type=\"widget\" data-e-type=\"widget\" data-widget_type=\"heading.default\">\n\t\t\t\t<div class=\"elementor-widget-container\">\n\t\t\t\t\t<h2 class=\"elementor-heading-title elementor-size-default\"> Inspe\u00e7\u00e3o visual do seu carregador EV dom\u00e9stico<\/h2>\t\t\t\t<\/div>\n\t\t\t\t<\/div>\n\t\t\t\t<div class=\"elementor-element elementor-element-fe998d6 elementor-widget elementor-widget-heading\" data-id=\"fe998d6\" data-element_type=\"widget\" data-e-type=\"widget\" data-widget_type=\"heading.default\">\n\t\t\t\t<div class=\"elementor-widget-container\">\n\t\t\t\t\t<h3 class=\"elementor-heading-title elementor-size-default\">Avalia\u00e7\u00e3o do estado exterior<\/h3>\t\t\t\t<\/div>\n\t\t\t\t<\/div>\n\t\t\t\t<div class=\"elementor-element elementor-element-f2b20a7 elementor-widget elementor-widget-text-editor\" data-id=\"f2b20a7\" data-element_type=\"widget\" data-e-type=\"widget\" data-widget_type=\"text-editor.default\">\n\t\t\t\t<div class=\"elementor-widget-container\">\n\t\t\t\t\t\t\t\t\t<p>A inspe\u00e7\u00e3o visual n\u00e3o requer ferramentas especiais - apenas uma observa\u00e7\u00e3o cuidadosa. Este processo simples detecta muitos problemas antes de se tornarem graves. Torn\u00e1-lo um h\u00e1bito mensal requer um tempo m\u00ednimo, ao mesmo tempo que proporciona um valor genu\u00edno.<\/p><p>Examinar cuidadosamente estas \u00e1reas:<\/p><ul><li>Cabo de carregamento a todo o comprimento para detetar cortes, fissuras ou desgaste<\/li><li>Os pinos do conetor n\u00e3o apresentam danos, corros\u00e3o ou detritos<\/li><li>Unidade de montagem na parede para fixa\u00e7\u00e3o segura<\/li><li>Integridade do inv\u00f3lucro (sem fissuras ou lacunas)<\/li><li>Al\u00edvio de tens\u00e3o do cabo a funcionar corretamente<\/li><li>Luzes indicadoras de estado a funcionar normalmente<\/li><\/ul><p>As instala\u00e7\u00f5es exteriores de carregadores de ve\u00edculos el\u00e9ctricos dom\u00e9sticos merecem uma aten\u00e7\u00e3o especial. A exposi\u00e7\u00e3o solar degrada os pl\u00e1sticos ao longo dos anos. A chuva e a humidade aceleram a corros\u00e3o. Os extremos de temperatura exercem press\u00e3o sobre os materiais repetidamente. Estes factores ambientais afectam mais severamente as unidades exteriores do que o equipamento montado na garagem.<\/p>\t\t\t\t\t\t\t\t<\/div>\n\t\t\t\t<\/div>\n\t\t\t\t<div class=\"elementor-element elementor-element-6aefb4d elementor-widget elementor-widget-heading\" data-id=\"6aefb4d\" data-element_type=\"widget\" data-e-type=\"widget\" data-widget_type=\"heading.default\">\n\t\t\t\t<div class=\"elementor-widget-container\">\n\t\t\t\t\t<h3 class=\"elementor-heading-title elementor-size-default\">Exame do ponto de liga\u00e7\u00e3o<\/h3>\t\t\t\t<\/div>\n\t\t\t\t<\/div>\n\t\t\t\t<div class=\"elementor-element elementor-element-e37f205 elementor-widget elementor-widget-text-editor\" data-id=\"e37f205\" data-element_type=\"widget\" data-e-type=\"widget\" data-widget_type=\"text-editor.default\">\n\t\t\t\t<div class=\"elementor-widget-container\">\n\t\t\t\t\t\t\t\t\t<p>O local onde o carregador se liga \u00e0 cablagem dom\u00e9stica representa um ponto de inspe\u00e7\u00e3o cr\u00edtico. As liga\u00e7\u00f5es soltas geram calor. O calor provoca um maior afrouxamento. Este ciclo destrutivo acaba por conduzir a falhas ou a situa\u00e7\u00f5es piores.<\/p><p>Os sinais de problemas de liga\u00e7\u00e3o incluem:<br \/>- Descolora\u00e7\u00e3o \u00e0 volta das liga\u00e7\u00f5es do quadro el\u00e9trico<br \/>- Superf\u00edcies quentes ou mornas durante o carregamento<br \/>- Interrup\u00e7\u00f5es intermitentes do carregamento<br \/>- Odores a queimado perto da instala\u00e7\u00e3o<br \/>- Marcas de arco vis\u00edveis ou pl\u00e1stico derretido<\/p><p>Qualquer um destes sinais justifica uma avalia\u00e7\u00e3o profissional imediata. Se continuar a utilizar equipamento com estes sintomas, existe o risco de inc\u00eandio. O inc\u00f3modo de perder temporariamente a capacidade de carregamento \u00e9 menor do que as potenciais consequ\u00eancias de ignorar os sinais de aviso.<\/p>\t\t\t\t\t\t\t\t<\/div>\n\t\t\t\t<\/div>\n\t\t\t\t<div class=\"elementor-element elementor-element-ba3ccba elementor-widget elementor-widget-heading\" data-id=\"ba3ccba\" data-element_type=\"widget\" data-e-type=\"widget\" data-widget_type=\"heading.default\">\n\t\t\t\t<div class=\"elementor-widget-container\">\n\t\t\t\t\t<h2 class=\"elementor-heading-title elementor-size-default\">Teste de funcionamento do carregador dom\u00e9stico de ve\u00edculos el\u00e9ctricos<\/h2>\t\t\t\t<\/div>\n\t\t\t\t<\/div>\n\t\t\t\t<div class=\"elementor-element elementor-element-f0d831e elementor-widget elementor-widget-heading\" data-id=\"f0d831e\" data-element_type=\"widget\" data-e-type=\"widget\" data-widget_type=\"heading.default\">\n\t\t\t\t<div class=\"elementor-widget-container\">\n\t\t\t\t\t<h3 class=\"elementor-heading-title elementor-size-default\">Verifica\u00e7\u00e3o do funcionamento b\u00e1sico<\/h3>\t\t\t\t<\/div>\n\t\t\t\t<\/div>\n\t\t\t\t<div class=\"elementor-element elementor-element-dae337a elementor-widget elementor-widget-text-editor\" data-id=\"dae337a\" data-element_type=\"widget\" data-e-type=\"widget\" data-widget_type=\"text-editor.default\">\n\t\t\t\t<div class=\"elementor-widget-container\">\n\t\t\t\t\t\t\t\t\t<p>Os ensaios funcionais confirmam que o carregador funciona efetivamente como previsto. Isto vai al\u00e9m da inspe\u00e7\u00e3o visual e passa a ser uma verifica\u00e7\u00e3o ativa da capacidade de carregamento.<\/p>\t\t\t\t\t\t\t\t<\/div>\n\t\t\t\t<\/div>\n\t\t\t\t<div class=\"elementor-element elementor-element-ba865f4 elementor-widget elementor-widget-tablepress-table\" data-id=\"ba865f4\" data-element_type=\"widget\" data-e-type=\"widget\" data-widget_type=\"tablepress-table.default\">\n\t\t\t\t\t\n<table id=\"tablepress-61\" class=\"tablepress tablepress-id-61\">\n<thead>\n<tr class=\"row-1\">\n\t<th class=\"column-1\">Aspeto do teste<\/th><th class=\"column-2\">O que verificar<\/th><th class=\"column-3\">Indica\u00e7\u00e3o normal<\/th><th class=\"column-4\">Sinais de problemas<\/th>\n<\/tr>\n<\/thead>\n<tbody class=\"row-striping row-hover\">\n<tr class=\"row-2\">\n\t<td class=\"column-1\">Ligar<\/td><td class=\"column-2\">A unidade fica sob tens\u00e3o quando ligada \u00e0 corrente<\/td><td class=\"column-3\">As luzes de estado acendem-se<\/td><td class=\"column-4\">Sem resposta ou c\u00f3digos de erro<\/td>\n<\/tr>\n<tr class=\"row-3\">\n\t<td class=\"column-1\">Liga\u00e7\u00e3o<\/td><td class=\"column-2\">O ve\u00edculo reconhece o carregador<\/td><td class=\"column-3\">O painel de controlo mostra a liga\u00e7\u00e3o<\/td><td class=\"column-4\">Erros de liga\u00e7\u00e3o apresentados<\/td>\n<\/tr>\n<tr class=\"row-4\">\n\t<td class=\"column-1\">In\u00edcio do carregamento<\/td><td class=\"column-2\">A sess\u00e3o inicia-se corretamente<\/td><td class=\"column-3\">Fluxos de corrente para o ve\u00edculo<\/td><td class=\"column-4\">Desconex\u00e3o imediata<\/td>\n<\/tr>\n<tr class=\"row-5\">\n\t<td class=\"column-1\">Carregamento cont\u00ednuo<\/td><td class=\"column-2\">Continua sem interrup\u00e7\u00e3o<\/td><td class=\"column-3\">Indica\u00e7\u00e3o de progresso constante<\/td><td class=\"column-4\">Paragens ou rein\u00edcios aleat\u00f3rios<\/td>\n<\/tr>\n<tr class=\"row-6\">\n\t<td class=\"column-1\">Conclus\u00e3o da sess\u00e3o<\/td><td class=\"column-2\">Termina graciosamente quando est\u00e1 cheio<\/td><td class=\"column-3\">Estado de termina\u00e7\u00e3o normal<\/td><td class=\"column-4\">Estados de erro ou falhas<\/td>\n<\/tr>\n<\/tbody>\n<\/table>\n\t\t\t\t<\/div>\n\t\t\t\t<div class=\"elementor-element elementor-element-44434e7 elementor-widget elementor-widget-text-editor\" data-id=\"44434e7\" data-element_type=\"widget\" data-e-type=\"widget\" data-widget_type=\"text-editor.default\">\n\t\t\t\t<div class=\"elementor-widget-container\">\n\t\t\t\t\t\t\t\t\t<p>A execu\u00e7\u00e3o desta sequ\u00eancia mensalmente detecta problemas intermitentes que, de outra forma, poderiam passar despercebidos at\u00e9 causarem um inc\u00f3modo real. Descobrir problemas durante os testes deliberados \u00e9 melhor do que descobri-los quando se est\u00e1 atrasado para o trabalho.<\/p>\t\t\t\t\t\t\t\t<\/div>\n\t\t\t\t<\/div>\n\t\t\t\t<div class=\"elementor-element elementor-element-eff99b2 elementor-widget elementor-widget-heading\" data-id=\"eff99b2\" data-element_type=\"widget\" data-e-type=\"widget\" data-widget_type=\"heading.default\">\n\t\t\t\t<div class=\"elementor-widget-container\">\n\t\t\t\t\t<h3 class=\"elementor-heading-title elementor-size-default\">Monitoriza\u00e7\u00e3o do desempenho do carregamento<\/h3>\t\t\t\t<\/div>\n\t\t\t\t<\/div>\n\t\t\t\t<div class=\"elementor-element elementor-element-7706194 elementor-widget elementor-widget-text-editor\" data-id=\"7706194\" data-element_type=\"widget\" data-e-type=\"widget\" data-widget_type=\"text-editor.default\">\n\t\t\t\t<div class=\"elementor-widget-container\">\n\t\t\t\t\t\t\t\t\t<p>Para al\u00e9m da funcionalidade b\u00e1sica, a monitoriza\u00e7\u00e3o do desempenho revela a degrada\u00e7\u00e3o antes de ocorrer uma falha total. Um carregador de ve\u00edculos el\u00e9ctricos dom\u00e9stico que fornece menos pot\u00eancia do que a indicada continua a funcionar - apenas de forma deficiente.<br \/>Indicadores de desempenho que vale a pena seguir:<br \/>1. Tempo necess\u00e1rio para adicionar quantidades espec\u00edficas da gama<br \/>2. Taxa de carregamento indicada no painel de instrumentos do ve\u00edculo<br \/>3. Calor gerado durante as sess\u00f5es t\u00edpicas<br \/>4. Quaisquer sons invulgares durante o funcionamento<br \/>5. Consist\u00eancia em v\u00e1rias sess\u00f5es de carregamento<\/p><p>A diminui\u00e7\u00e3o gradual do desempenho sugere o desenvolvimento de problemas. Altera\u00e7\u00f5es s\u00fabitas indicam que algo falhou ou mudou recentemente. Ambos os padr\u00f5es justificam uma investiga\u00e7\u00e3o, embora as altera\u00e7\u00f5es s\u00fabitas exijam normalmente uma aten\u00e7\u00e3o mais urgente.<\/p>\t\t\t\t\t\t\t\t<\/div>\n\t\t\t\t<\/div>\n\t\t\t\t<div class=\"elementor-element elementor-element-d4a243d elementor-widget elementor-widget-heading\" data-id=\"d4a243d\" data-element_type=\"widget\" data-e-type=\"widget\" data-widget_type=\"heading.default\">\n\t\t\t\t<div class=\"elementor-widget-container\">\n\t\t\t\t\t<h2 class=\"elementor-heading-title elementor-size-default\">Resolu\u00e7\u00e3o de problemas comuns do carregador EV dom\u00e9stico<\/h2>\t\t\t\t<\/div>\n\t\t\t\t<\/div>\n\t\t\t\t<div class=\"elementor-element elementor-element-fcaed93 elementor-widget elementor-widget-heading\" data-id=\"fcaed93\" data-element_type=\"widget\" data-e-type=\"widget\" data-widget_type=\"heading.default\">\n\t\t\t\t<div class=\"elementor-widget-container\">\n\t\t\t\t\t<h3 class=\"elementor-heading-title elementor-size-default\">Quando o carregamento n\u00e3o arranca<\/h3>\t\t\t\t<\/div>\n\t\t\t\t<\/div>\n\t\t\t\t<div class=\"elementor-element elementor-element-3028de1 elementor-widget elementor-widget-text-editor\" data-id=\"3028de1\" data-element_type=\"widget\" data-e-type=\"widget\" data-widget_type=\"text-editor.default\">\n\t\t\t\t<div class=\"elementor-widget-container\">\n\t\t\t\t\t\t\t\t\t<p>A falha no in\u00edcio da sess\u00e3o frustra toda a gente. O carro fica ali parado. O carregador fica l\u00e1. N\u00e3o acontece nada. Este cen\u00e1rio tem v\u00e1rias causas potenciais que vale a pena investigar sistematicamente.<\/p><p>As causas mais comuns incluem:<br \/>- Problemas de sinaliza\u00e7\u00e3o do piloto que impedem a comunica\u00e7\u00e3o com o ve\u00edculo<br \/>- Dete\u00e7\u00e3o de defeito \u00e0 terra incorretamente acionada<br \/>- Prote\u00e7\u00e3o t\u00e9rmica envolvida devido a sobreaquecimento<br \/>- Problemas de conetividade de rede em carregadores inteligentes<br \/>- Problemas do lado do ve\u00edculo n\u00e3o relacionados com o carregador<br \/>- Problemas de assentamento de conectores simples<\/p><p>Come\u00e7ar pela explica\u00e7\u00e3o mais simples faz sentido. Voltar a ligar firmemente o cabo de carregamento resolve um n\u00famero surpreendente de problemas registados. Se isso falhar, segue-se a verifica\u00e7\u00e3o dos disjuntores. S\u00f3 depois de eliminar as causas \u00f3bvias \u00e9 que se torna necess\u00e1ria uma investiga\u00e7\u00e3o mais profunda.<\/p>\t\t\t\t\t\t\t\t<\/div>\n\t\t\t\t<\/div>\n\t\t\t\t<div class=\"elementor-element elementor-element-e7a77cb elementor-widget elementor-widget-heading\" data-id=\"e7a77cb\" data-element_type=\"widget\" data-e-type=\"widget\" data-widget_type=\"heading.default\">\n\t\t\t\t<div class=\"elementor-widget-container\">\n\t\t\t\t\t<h3 class=\"elementor-heading-title elementor-size-default\"> Falhas de carregamento intermitentes<\/h3>\t\t\t\t<\/div>\n\t\t\t\t<\/div>\n\t\t\t\t<div class=\"elementor-element elementor-element-85c6f61 elementor-widget elementor-widget-text-editor\" data-id=\"85c6f61\" data-element_type=\"widget\" data-e-type=\"widget\" data-widget_type=\"text-editor.default\">\n\t\t\t\t<div class=\"elementor-widget-container\">\n\t\t\t\t\t\t\t\t\t<p>Os problemas intermitentes s\u00e3o uma loucura. Por vezes, tudo funciona. Depois n\u00e3o funciona. Depois, volta a funcionar. O diagn\u00f3stico destes problemas requer paci\u00eancia e observa\u00e7\u00e3o sistem\u00e1tica.<\/p><p>O registo de detalhes quando ocorrem falhas ajuda a identificar padr\u00f5es:<\/p><ul><li>Hora do dia e temperatura ambiente<\/li><li>Outras cargas el\u00e9ctricas a funcionar em simult\u00e2neo<\/li><li>Condi\u00e7\u00f5es climat\u00e9ricas para instala\u00e7\u00f5es no exterior<\/li><li>Estado de carga do ve\u00edculo quando o problema ocorreu<\/li><li>Eventuais c\u00f3digos de erro apresentados<\/li><\/ul><p>\u00c9 frequente surgirem padr\u00f5es a partir destes dados. As falhas relacionadas com a temperatura apontam para problemas t\u00e9rmicos. A correla\u00e7\u00e3o com a utiliza\u00e7\u00e3o de outros aparelhos sugere problemas de capacidade el\u00e9ctrica. A distribui\u00e7\u00e3o aleat\u00f3ria sem padr\u00e3o aparente indica falhas ao n\u00edvel dos componentes que requerem um diagn\u00f3stico profissional.<\/p>\t\t\t\t\t\t\t\t<\/div>\n\t\t\t\t<\/div>\n\t\t\t\t<div class=\"elementor-element elementor-element-a878015 elementor-widget elementor-widget-heading\" data-id=\"a878015\" data-element_type=\"widget\" data-e-type=\"widget\" data-widget_type=\"heading.default\">\n\t\t\t\t<div class=\"elementor-widget-container\">\n\t\t\t\t\t<h2 class=\"elementor-heading-title elementor-size-default\">Quando chamar um profissional<\/h2>\t\t\t\t<\/div>\n\t\t\t\t<\/div>\n\t\t\t\t<div class=\"elementor-element elementor-element-4cf15bb elementor-widget elementor-widget-heading\" data-id=\"4cf15bb\" data-element_type=\"widget\" data-e-type=\"widget\" data-widget_type=\"heading.default\">\n\t\t\t\t<div class=\"elementor-widget-container\">\n\t\t\t\t\t<h3 class=\"elementor-heading-title elementor-size-default\"> Reconhecer situa\u00e7\u00f5es de bricolage<\/h3>\t\t\t\t<\/div>\n\t\t\t\t<\/div>\n\t\t\t\t<div class=\"elementor-element elementor-element-9680f05 elementor-widget elementor-widget-text-editor\" data-id=\"9680f05\" data-element_type=\"widget\" data-e-type=\"widget\" data-widget_type=\"text-editor.default\">\n\t\t\t\t<div class=\"elementor-widget-container\">\n\t\t\t\t\t\t\t\t\t<p>Os electricistas profissionais possuem conhecimentos especializados, equipamento de teste adequado e autoriza\u00e7\u00e3o legal para realizar determinados trabalhos. Reconhecer quando o seu envolvimento \u00e9 necess\u00e1rio protege tanto a seguran\u00e7a como o investimento.<\/p><p>Um carregador dom\u00e9stico de eletricidade deve ser inspeccionado por um profissional quando:<\/p><ul><li>A verifica\u00e7\u00e3o anual de seguran\u00e7a deve ser efectuada<\/li><li>Quaisquer componentes internos que necessitem de aten\u00e7\u00e3o<\/li><li>Os problemas de desempenho resistem \u00e0 resolu\u00e7\u00e3o de problemas b\u00e1sicos<\/li><li>S\u00e3o necess\u00e1rias modifica\u00e7\u00f5es el\u00e9ctricas<\/li><li>Os pedidos de garantia exigem ensaios documentados<\/li><li>A regulamenta\u00e7\u00e3o local imp\u00f5e a certifica\u00e7\u00e3o profissional<\/li><\/ul><p>O custo de um servi\u00e7o profissional revela-se normalmente modesto em compara\u00e7\u00e3o com os riscos de um trabalho el\u00e9trico de bricolage inadequado. Os electricistas de qualidade, familiarizados com o equipamento de carregamento de ve\u00edculos el\u00e9ctricos, diagnosticam os problemas de forma eficiente e reparam-nos corretamente.<\/p><p>Se quiser saber mais sobre o carregador EV dom\u00e9stico, leia <strong><a href=\"https:\/\/www.mekeltech.com\/pt\/do-ev-chargers-need-to-be-tested\/\">Os carregadores de ve\u00edculos el\u00e9ctricos precisam de ser testados?<\/a><\/strong>.<\/p>\t\t\t\t\t\t\t\t<\/div>\n\t\t\t\t<\/div>\n\t\t\t\t<div class=\"elementor-element elementor-element-f760450 elementor-position-top elementor-widget elementor-widget-image-box\" data-id=\"f760450\" data-element_type=\"widget\" data-e-type=\"widget\" data-widget_type=\"image-box.default\">\n\t\t\t\t<div class=\"elementor-widget-container\">\n\t\t\t\t\t<div class=\"elementor-image-box-wrapper\"><figure class=\"elementor-image-box-img\"><a href=\"https:\/\/www.mekeltech.com\/pt\/product\/ev-charger-tester-box\/\" tabindex=\"-1\"><img decoding=\"async\" width=\"800\" height=\"800\" src=\"https:\/\/www.mekeltech.com\/wp-content\/uploads\/2026\/01\/EV-charger-test-box-1.webp\" class=\"attachment-full size-full wp-image-8585\" alt=\"Caixa de ensaio para carregadores el\u00e9ctricos\" srcset=\"https:\/\/www.mekeltech.com\/wp-content\/uploads\/2026\/01\/EV-charger-test-box-1.webp 800w, https:\/\/www.mekeltech.com\/wp-content\/uploads\/2026\/01\/EV-charger-test-box-1-300x300.webp 300w, https:\/\/www.mekeltech.com\/wp-content\/uploads\/2026\/01\/EV-charger-test-box-1-150x150.webp 150w, https:\/\/www.mekeltech.com\/wp-content\/uploads\/2026\/01\/EV-charger-test-box-1-768x768.webp 768w, https:\/\/www.mekeltech.com\/wp-content\/uploads\/2026\/01\/EV-charger-test-box-1-12x12.webp 12w\" sizes=\"(max-width: 800px) 100vw, 800px\" \/><\/a><\/figure><div class=\"elementor-image-box-content\"><h3 class=\"elementor-image-box-title\"><a href=\"https:\/\/www.mekeltech.com\/pt\/product\/ev-charger-tester-box\/\">Caixa de ensaio para carregadores el\u00e9ctricos<\/a><\/h3><\/div><\/div>\t\t\t\t<\/div>\n\t\t\t\t<\/div>\n\t\t\t\t<div class=\"elementor-element elementor-element-101ff06 elementor-widget elementor-widget-heading\" data-id=\"101ff06\" data-element_type=\"widget\" data-e-type=\"widget\" data-widget_type=\"heading.default\">\n\t\t\t\t<div class=\"elementor-widget-container\">\n\t\t\t\t\t<h2 class=\"elementor-heading-title elementor-size-default\">FAQ<\/h2>\t\t\t\t<\/div>\n\t\t\t\t<\/div>\n\t\t\t\t<div class=\"elementor-element elementor-element-fb30b2d elementor-widget elementor-widget-n-accordion\" data-id=\"fb30b2d\" data-element_type=\"widget\" data-e-type=\"widget\" data-settings=\"{&quot;default_state&quot;:&quot;expanded&quot;,&quot;max_items_expended&quot;:&quot;one&quot;,&quot;n_accordion_animation_duration&quot;:{&quot;unit&quot;:&quot;ms&quot;,&quot;size&quot;:400,&quot;sizes&quot;:[]}}\" data-widget_type=\"nested-accordion.default\">\n\t\t\t\t<div class=\"elementor-widget-container\">\n\t\t\t\t\t\t\t<div class=\"e-n-accordion\" aria-label=\"Acorde\u00e3o. Abrir liga\u00e7\u00f5es com Enter ou Espa\u00e7o, fechar com Escape e navegar com Setas\">\n\t\t\t\t\t\t<details id=\"e-n-accordion-item-2630\" class=\"e-n-accordion-item\" open>\n\t\t\t\t<summary class=\"e-n-accordion-item-title\" data-accordion-index=\"1\" tabindex=\"0\" aria-expanded=\"true\" aria-controls=\"e-n-accordion-item-2630\" >\n\t\t\t\t\t<span class='e-n-accordion-item-title-header'><div class=\"e-n-accordion-item-title-text\"> Com que frequ\u00eancia deve ser testado um carregador dom\u00e9stico de ve\u00edculos el\u00e9ctricos? <\/div><\/span>\n\t\t\t\t\t\t\t<span class='e-n-accordion-item-title-icon'>\n\t\t\t<span class='e-opened' ><svg aria-hidden=\"true\" class=\"e-font-icon-svg e-fas-minus\" viewbox=\"0 0 448 512\" xmlns=\"http:\/\/www.w3.org\/2000\/svg\"><path d=\"M416 208H32c-17.67 0-32 14.33-32 32v32c0 17.67 14.33 32 32 32h384c17.67 0 32-14.33 32-32v-32c0-17.67-14.33-32-32-32z\"><\/path><\/svg><\/span>\n\t\t\t<span class='e-closed'><svg aria-hidden=\"true\" class=\"e-font-icon-svg e-fas-plus\" viewbox=\"0 0 448 512\" xmlns=\"http:\/\/www.w3.org\/2000\/svg\"><path d=\"M416 208H272V64c0-17.67-14.33-32-32-32h-32c-17.67 0-32 14.33-32 32v144H32c-17.67 0-32 14.33-32 32v32c0 17.67 14.33 32 32 32h144v144c0 17.67 14.33 32 32 32h32c17.67 0 32-14.33 32-32V304h144c17.67 0 32-14.33 32-32v-32c0-17.67-14.33-32-32-32z\"><\/path><\/svg><\/span>\n\t\t<\/span>\n\n\t\t\t\t\t\t<\/summary>\n\t\t\t\t<div role=\"region\" aria-labelledby=\"e-n-accordion-item-2630\" class=\"elementor-element elementor-element-71b9870 e-con-full e-flex e-con e-child\" data-id=\"71b9870\" data-element_type=\"container\" data-e-type=\"container\">\n\t\t\t\t<div class=\"elementor-element elementor-element-e528666 elementor-widget elementor-widget-text-editor\" data-id=\"e528666\" data-element_type=\"widget\" data-e-type=\"widget\" data-widget_type=\"text-editor.default\">\n\t\t\t\t<div class=\"elementor-widget-container\">\n\t\t\t\t\t\t\t\t\t<p>A inspe\u00e7\u00e3o visual mensal proporciona uma monitoriza\u00e7\u00e3o razo\u00e1vel sem se tornar onerosa. A verifica\u00e7\u00e3o funcional b\u00e1sica trimestralmente detecta problemas em desenvolvimento antes que estes provoquem falhas. A inspe\u00e7\u00e3o profissional anual garante a seguran\u00e7a e mant\u00e9m quaisquer garantias aplic\u00e1veis. Testes mais frequentes fazem sentido para equipamentos muito utilizados ou instala\u00e7\u00f5es expostas a condi\u00e7\u00f5es ambientais adversas. Os equipamentos mais antigos tamb\u00e9m beneficiam de uma maior monitoriza\u00e7\u00e3o \u00e0 medida que os componentes envelhecem.<\/p>\t\t\t\t\t\t\t\t<\/div>\n\t\t\t\t<\/div>\n\t\t\t\t<\/div>\n\t\t\t\t\t<\/details>\n\t\t\t\t\t\t<details id=\"e-n-accordion-item-2631\" class=\"e-n-accordion-item\" >\n\t\t\t\t<summary class=\"e-n-accordion-item-title\" data-accordion-index=\"2\" tabindex=\"-1\" aria-expanded=\"false\" aria-controls=\"e-n-accordion-item-2631\" >\n\t\t\t\t\t<span class='e-n-accordion-item-title-header'><div class=\"e-n-accordion-item-title-text\"> O teste de um carregador dom\u00e9stico de ve\u00edculos el\u00e9ctricos pode anular a garantia? <\/div><\/span>\n\t\t\t\t\t\t\t<span class='e-n-accordion-item-title-icon'>\n\t\t\t<span class='e-opened' ><svg aria-hidden=\"true\" class=\"e-font-icon-svg e-fas-minus\" viewbox=\"0 0 448 512\" xmlns=\"http:\/\/www.w3.org\/2000\/svg\"><path d=\"M416 208H32c-17.67 0-32 14.33-32 32v32c0 17.67 14.33 32 32 32h384c17.67 0 32-14.33 32-32v-32c0-17.67-14.33-32-32-32z\"><\/path><\/svg><\/span>\n\t\t\t<span class='e-closed'><svg aria-hidden=\"true\" class=\"e-font-icon-svg e-fas-plus\" viewbox=\"0 0 448 512\" xmlns=\"http:\/\/www.w3.org\/2000\/svg\"><path d=\"M416 208H272V64c0-17.67-14.33-32-32-32h-32c-17.67 0-32 14.33-32 32v144H32c-17.67 0-32 14.33-32 32v32c0 17.67 14.33 32 32 32h144v144c0 17.67 14.33 32 32 32h32c17.67 0 32-14.33 32-32V304h144c17.67 0 32-14.33 32-32v-32c0-17.67-14.33-32-32-32z\"><\/path><\/svg><\/span>\n\t\t<\/span>\n\n\t\t\t\t\t\t<\/summary>\n\t\t\t\t<div role=\"region\" aria-labelledby=\"e-n-accordion-item-2631\" class=\"elementor-element elementor-element-1e03eee e-con-full e-flex e-con e-child\" data-id=\"1e03eee\" data-element_type=\"container\" data-e-type=\"container\">\n\t\t\t\t<div class=\"elementor-element elementor-element-299131b elementor-widget elementor-widget-text-editor\" data-id=\"299131b\" data-element_type=\"widget\" data-e-type=\"widget\" data-widget_type=\"text-editor.default\">\n\t\t\t\t<div class=\"elementor-widget-container\">\n\t\t\t\t\t\t\t\t\t<p>Os testes aprovados pelo fabricante e a inspe\u00e7\u00e3o visual b\u00e1sica n\u00e3o devem afetar a cobertura da garantia. No entanto, a abertura de caixas seladas, a modifica\u00e7\u00e3o da cablagem ou a tentativa de repara\u00e7\u00f5es n\u00e3o autorizadas podem anular as garantias, dependendo dos termos espec\u00edficos. A revis\u00e3o da documenta\u00e7\u00e3o da garantia antes de efetuar qualquer teste para al\u00e9m da observa\u00e7\u00e3o b\u00e1sica evita potenciais disputas de cobertura. Em caso de d\u00favida, contactar diretamente os fabricantes esclarece quais os testes que os propriet\u00e1rios podem efetuar sem implica\u00e7\u00f5es na garantia.<\/p>\t\t\t\t\t\t\t\t<\/div>\n\t\t\t\t<\/div>\n\t\t\t\t<\/div>\n\t\t\t\t\t<\/details>\n\t\t\t\t\t\t<details id=\"e-n-accordion-item-2632\" class=\"e-n-accordion-item\" >\n\t\t\t\t<summary class=\"e-n-accordion-item-title\" data-accordion-index=\"3\" tabindex=\"-1\" aria-expanded=\"false\" aria-controls=\"e-n-accordion-item-2632\" >\n\t\t\t\t\t<span class='e-n-accordion-item-title-header'><div class=\"e-n-accordion-item-title-text\"> De que ferramentas necessitam os propriet\u00e1rios para efetuar um teste b\u00e1sico do carregador EV dom\u00e9stico? <\/div><\/span>\n\t\t\t\t\t\t\t<span class='e-n-accordion-item-title-icon'>\n\t\t\t<span class='e-opened' ><svg aria-hidden=\"true\" class=\"e-font-icon-svg e-fas-minus\" viewbox=\"0 0 448 512\" xmlns=\"http:\/\/www.w3.org\/2000\/svg\"><path d=\"M416 208H32c-17.67 0-32 14.33-32 32v32c0 17.67 14.33 32 32 32h384c17.67 0 32-14.33 32-32v-32c0-17.67-14.33-32-32-32z\"><\/path><\/svg><\/span>\n\t\t\t<span class='e-closed'><svg aria-hidden=\"true\" class=\"e-font-icon-svg e-fas-plus\" viewbox=\"0 0 448 512\" xmlns=\"http:\/\/www.w3.org\/2000\/svg\"><path d=\"M416 208H272V64c0-17.67-14.33-32-32-32h-32c-17.67 0-32 14.33-32 32v144H32c-17.67 0-32 14.33-32 32v32c0 17.67 14.33 32 32 32h144v144c0 17.67 14.33 32 32 32h32c17.67 0 32-14.33 32-32V304h144c17.67 0 32-14.33 32-32v-32c0-17.67-14.33-32-32-32z\"><\/path><\/svg><\/span>\n\t\t<\/span>\n\n\t\t\t\t\t\t<\/summary>\n\t\t\t\t<div role=\"region\" aria-labelledby=\"e-n-accordion-item-2632\" class=\"elementor-element elementor-element-de847da e-con-full e-flex e-con e-child\" data-id=\"de847da\" data-element_type=\"container\" data-e-type=\"container\">\n\t\t\t\t<div class=\"elementor-element elementor-element-13a7a67 elementor-widget elementor-widget-text-editor\" data-id=\"13a7a67\" data-element_type=\"widget\" data-e-type=\"widget\" data-widget_type=\"text-editor.default\">\n\t\t\t\t<div class=\"elementor-widget-container\">\n\t\t\t\t\t\t\t\t\t<p>Os testes b\u00e1sicos requerem um m\u00ednimo de ferramentas especializadas. Uma lanterna ajuda a inspe\u00e7\u00e3o visual em locais com pouca luz. Uma c\u00e2mara de smartphone documenta as condi\u00e7\u00f5es para refer\u00eancia posterior ou partilha com profissionais. Para al\u00e9m destes itens simples, a maioria dos testes apropriados para o propriet\u00e1rio n\u00e3o necessita de equipamento especial. Os testes el\u00e9ctricos avan\u00e7ados - medi\u00e7\u00e3o de tens\u00f5es, resist\u00eancia e integridade do isolamento - requerem instrumentos de n\u00edvel profissional e forma\u00e7\u00e3o que vai al\u00e9m das capacidades e seguran\u00e7a t\u00edpicas do propriet\u00e1rio.<\/p>\t\t\t\t\t\t\t\t<\/div>\n\t\t\t\t<\/div>\n\t\t\t\t<\/div>\n\t\t\t\t\t<\/details>\n\t\t\t\t\t<\/div>\n\t\t\t\t\t\t<\/div>\n\t\t\t\t<\/div>\n\t\t\t\t\t<\/div>\n\t\t\t\t<\/div>\n\t\t\t\t<\/div>","protected":false},"excerpt":{"rendered":"<p>Why Testing Your Home EV Charger Matters Electric vehicle ownership brings new responsibilities most drivers never considered before. Among them\u2014ensuring charging equipment functions properly and safely. A malfunctioning home EV charger creates more than inconvenience. Safety hazards, vehicle damage, and frustrating charging failures all become possibilities when equipment goes untested. Regular testing catches problems early. [&hellip;]<\/p>","protected":false},"author":13,"featured_media":3428,"comment_status":"open","ping_status":"open","sticky":false,"template":"","format":"standard","meta":{"_acf_changed":false,"site-sidebar-layout":"default","site-content-layout":"","ast-site-content-layout":"default","site-content-style":"default","site-sidebar-style":"default","ast-global-header-display":"","ast-banner-title-visibility":"","ast-main-header-display":"","ast-hfb-above-header-display":"","ast-hfb-below-header-display":"","ast-hfb-mobile-header-display":"","site-post-title":"","ast-breadcrumbs-content":"","ast-featured-img":"","footer-sml-layout":"","ast-disable-related-posts":"","theme-transparent-header-meta":"","adv-header-id-meta":"","stick-header-meta":"","header-above-stick-meta":"","header-main-stick-meta":"","header-below-stick-meta":"","astra-migrate-meta-layouts":"set","ast-page-background-enabled":"default","ast-page-background-meta":{"desktop":{"background-color":"","background-image":"","background-repeat":"repeat","background-position":"center center","background-size":"auto","background-attachment":"scroll","background-type":"","background-media":"","overlay-type":"","overlay-color":"","overlay-opacity":"","overlay-gradient":""},"tablet":{"background-color":"","background-image":"","background-repeat":"repeat","background-position":"center center","background-size":"auto","background-attachment":"scroll","background-type":"","background-media":"","overlay-type":"","overlay-color":"","overlay-opacity":"","overlay-gradient":""},"mobile":{"background-color":"","background-image":"","background-repeat":"repeat","background-position":"center center","background-size":"auto","background-attachment":"scroll","background-type":"","background-media":"","overlay-type":"","overlay-color":"","overlay-opacity":"","overlay-gradient":""}},"ast-content-background-meta":{"desktop":{"background-color":"var(--ast-global-color-5)","background-image":"","background-repeat":"repeat","background-position":"center center","background-size":"auto","background-attachment":"scroll","background-type":"","background-media":"","overlay-type":"","overlay-color":"","overlay-opacity":"","overlay-gradient":""},"tablet":{"background-color":"var(--ast-global-color-5)","background-image":"","background-repeat":"repeat","background-position":"center center","background-size":"auto","background-attachment":"scroll","background-type":"","background-media":"","overlay-type":"","overlay-color":"","overlay-opacity":"","overlay-gradient":""},"mobile":{"background-color":"var(--ast-global-color-5)","background-image":"","background-repeat":"repeat","background-position":"center center","background-size":"auto","background-attachment":"scroll","background-type":"","background-media":"","overlay-type":"","overlay-color":"","overlay-opacity":"","overlay-gradient":""}},"footnotes":""},"categories":[132],"tags":[],"class_list":["post-8957","post","type-post","status-publish","format-standard","has-post-thumbnail","hentry","category-knowledge"],"acf":[],"_links":{"self":[{"href":"https:\/\/www.mekeltech.com\/pt\/wp-json\/wp\/v2\/posts\/8957","targetHints":{"allow":["GET"]}}],"collection":[{"href":"https:\/\/www.mekeltech.com\/pt\/wp-json\/wp\/v2\/posts"}],"about":[{"href":"https:\/\/www.mekeltech.com\/pt\/wp-json\/wp\/v2\/types\/post"}],"author":[{"embeddable":true,"href":"https:\/\/www.mekeltech.com\/pt\/wp-json\/wp\/v2\/users\/13"}],"replies":[{"embeddable":true,"href":"https:\/\/www.mekeltech.com\/pt\/wp-json\/wp\/v2\/comments?post=8957"}],"version-history":[{"count":26,"href":"https:\/\/www.mekeltech.com\/pt\/wp-json\/wp\/v2\/posts\/8957\/revisions"}],"predecessor-version":[{"id":9345,"href":"https:\/\/www.mekeltech.com\/pt\/wp-json\/wp\/v2\/posts\/8957\/revisions\/9345"}],"wp:featuredmedia":[{"embeddable":true,"href":"https:\/\/www.mekeltech.com\/pt\/wp-json\/wp\/v2\/media\/3428"}],"wp:attachment":[{"href":"https:\/\/www.mekeltech.com\/pt\/wp-json\/wp\/v2\/media?parent=8957"}],"wp:term":[{"taxonomy":"category","embeddable":true,"href":"https:\/\/www.mekeltech.com\/pt\/wp-json\/wp\/v2\/categories?post=8957"},{"taxonomy":"post_tag","embeddable":true,"href":"https:\/\/www.mekeltech.com\/pt\/wp-json\/wp\/v2\/tags?post=8957"}],"curies":[{"name":"wp","href":"https:\/\/api.w.org\/{rel}","templated":true}]}}