{"id":8915,"date":"2026-03-04T18:04:50","date_gmt":"2026-03-04T10:04:50","guid":{"rendered":"https:\/\/www.mekeltech.com\/?p=8915"},"modified":"2026-03-25T18:01:38","modified_gmt":"2026-03-25T10:01:38","slug":"what-is-the-iso-standard-for-ev-chargers","status":"publish","type":"post","link":"https:\/\/www.mekeltech.com\/pt\/what-is-the-iso-standard-for-ev-chargers\/","title":{"rendered":"Qual \u00e9 a norma ISO para carregadores de ve\u00edculos el\u00e9ctricos?"},"content":{"rendered":"<div data-elementor-type=\"wp-post\" data-elementor-id=\"8915\" class=\"elementor elementor-8915\" data-elementor-post-type=\"post\">\n\t\t\t\t<div class=\"elementor-element elementor-element-d135a2b e-flex e-con-boxed e-con e-parent\" data-id=\"d135a2b\" data-element_type=\"container\" data-e-type=\"container\">\n\t\t\t\t\t<div class=\"e-con-inner\">\n\t\t\t\t<div class=\"elementor-element elementor-element-8352a3c elementor-widget elementor-widget-heading\" data-id=\"8352a3c\" data-element_type=\"widget\" data-e-type=\"widget\" data-widget_type=\"heading.default\">\n\t\t\t\t<div class=\"elementor-widget-container\">\n\t\t\t\t\t<h2 class=\"elementor-heading-title elementor-size-default\">Compreender a import\u00e2ncia das normas ISO para os carregadores de ve\u00edculos el\u00e9ctricos<\/h2>\t\t\t\t<\/div>\n\t\t\t\t<\/div>\n\t\t\t\t<div class=\"elementor-element elementor-element-907458d elementor-widget elementor-widget-text-editor\" data-id=\"907458d\" data-element_type=\"widget\" data-e-type=\"widget\" data-widget_type=\"text-editor.default\">\n\t\t\t\t<div class=\"elementor-widget-container\">\n\t\t\t\t\t\t\t\t\t<p>A ado\u00e7\u00e3o de ve\u00edculos el\u00e9ctricos continua a acelerar a n\u00edvel mundial. Mais carros nas estradas significa mais infra-estruturas de carregamento necess\u00e1rias em todo o lado. Mas aqui est\u00e1 o desafio - sem normaliza\u00e7\u00e3o, reinaria o caos. Imagine-se a conduzir para outra cidade e descobrir que o seu autom\u00f3vel n\u00e3o consegue ligar-se aos carregadores dispon\u00edveis. Este cen\u00e1rio frustrou consideravelmente os primeiros utilizadores de ve\u00edculos el\u00e9ctricos.<\/p><p>As normas ISO existem precisamente para evitar esses problemas. Estas especifica\u00e7\u00f5es reconhecidas internacionalmente garantem <strong><a href=\"https:\/\/www.mekeltech.com\/pt\/product-category\/testing-equipment\/\">Carregadores de ve\u00edculos el\u00e9ctricos<\/a><\/strong> funcionam de forma segura e compat\u00edvel entre diferentes fabricantes e regi\u00f5es. Para as empresas que instalam infra-estruturas de carregamento, o conhecimento destas normas n\u00e3o \u00e9, de facto, opcional. \u00c9 fundamental para fornecer um servi\u00e7o fi\u00e1vel.<\/p><p>O panorama da normaliza\u00e7\u00e3o pode parecer avassalador no in\u00edcio. M\u00faltiplas normas que abrangem diferentes aspectos - seguran\u00e7a, protocolos de comunica\u00e7\u00e3o, designs de conectores, procedimentos de teste. Compreender esta estrutura requer alguma paci\u00eancia, mas os princ\u00edpios b\u00e1sicos n\u00e3o s\u00e3o muito complicados, uma vez analisados corretamente.<\/p>\t\t\t\t\t\t\t\t<\/div>\n\t\t\t\t<\/div>\n\t\t\t\t<div class=\"elementor-element elementor-element-01394f0 elementor-position-top elementor-widget elementor-widget-image-box\" data-id=\"01394f0\" data-element_type=\"widget\" data-e-type=\"widget\" data-widget_type=\"image-box.default\">\n\t\t\t\t<div class=\"elementor-widget-container\">\n\t\t\t\t\t<div class=\"elementor-image-box-wrapper\"><figure class=\"elementor-image-box-img\"><a href=\"https:\/\/www.mekeltech.com\/pt\/product\/3-7kw-brd-series-with-type-2-plug\/\" tabindex=\"-1\"><img fetchpriority=\"high\" decoding=\"async\" width=\"800\" height=\"800\" src=\"https:\/\/www.mekeltech.com\/wp-content\/uploads\/2025\/08\/EV-portable-charger.jpg\" class=\"attachment-full size-full wp-image-6159\" alt=\"Carregador port\u00e1til EV\" srcset=\"https:\/\/www.mekeltech.com\/wp-content\/uploads\/2025\/08\/EV-portable-charger.jpg 800w, https:\/\/www.mekeltech.com\/wp-content\/uploads\/2025\/08\/EV-portable-charger-300x300.jpg 300w, https:\/\/www.mekeltech.com\/wp-content\/uploads\/2025\/08\/EV-portable-charger-150x150.jpg 150w, https:\/\/www.mekeltech.com\/wp-content\/uploads\/2025\/08\/EV-portable-charger-768x768.jpg 768w, https:\/\/www.mekeltech.com\/wp-content\/uploads\/2025\/08\/EV-portable-charger-12x12.jpg 12w\" sizes=\"(max-width: 800px) 100vw, 800px\" \/><\/a><\/figure><div class=\"elementor-image-box-content\"><div class=\"elementor-image-box-title\"><a href=\"https:\/\/www.mekeltech.com\/pt\/product\/3-7kw-brd-series-with-type-2-plug\/\">Carregador port\u00e1til para ve\u00edculos el\u00e9ctricos de 3,7kw - com ficha tipo 2<\/a><\/div><\/div><\/div>\t\t\t\t<\/div>\n\t\t\t\t<\/div>\n\t\t\t\t<div class=\"elementor-element elementor-element-cfb015c elementor-widget elementor-widget-heading\" data-id=\"cfb015c\" data-element_type=\"widget\" data-e-type=\"widget\" data-widget_type=\"heading.default\">\n\t\t\t\t<div class=\"elementor-widget-container\">\n\t\t\t\t\t<h2 class=\"elementor-heading-title elementor-size-default\">Normas ISO prim\u00e1rias que regem os carregadores de ve\u00edculos el\u00e9ctricos<\/h2>\t\t\t\t<\/div>\n\t\t\t\t<\/div>\n\t\t\t\t<div class=\"elementor-element elementor-element-a098e43 elementor-widget elementor-widget-heading\" data-id=\"a098e43\" data-element_type=\"widget\" data-e-type=\"widget\" data-widget_type=\"heading.default\">\n\t\t\t\t<div class=\"elementor-widget-container\">\n\t\t\t\t\t<h3 class=\"elementor-heading-title elementor-size-default\">Protocolo de comunica\u00e7\u00e3o ISO 15118<\/h3>\t\t\t\t<\/div>\n\t\t\t\t<\/div>\n\t\t\t\t<div class=\"elementor-element elementor-element-2536a73 elementor-widget elementor-widget-text-editor\" data-id=\"2536a73\" data-element_type=\"widget\" data-e-type=\"widget\" data-widget_type=\"text-editor.default\">\n\t\t\t\t<div class=\"elementor-widget-container\">\n\t\t\t\t\t\t\t\t\t<p>Talvez a norma mais importante para os carregadores de ve\u00edculos el\u00e9ctricos modernos envolva a comunica\u00e7\u00e3o entre o ve\u00edculo e a esta\u00e7\u00e3o de carregamento. A norma ISO 15118 estabelece a forma como estes dispositivos comunicam entre si. A norma permite carater\u00edsticas como a funcionalidade \"plug-and-charge\", em que a autentica\u00e7\u00e3o ocorre automaticamente sem cart\u00f5es ou aplica\u00e7\u00f5es.<\/p><p>Este protocolo de comunica\u00e7\u00e3o abrange v\u00e1rias fun\u00e7\u00f5es importantes:<br \/>- Identifica\u00e7\u00e3o e autoriza\u00e7\u00e3o do ve\u00edculo<br \/>- Negocia\u00e7\u00e3o dos par\u00e2metros da sess\u00e3o de carregamento<br \/>- Integra\u00e7\u00e3o do processamento de pagamentos<br \/>- Capacidades de comunica\u00e7\u00e3o de redes inteligentes<br \/>- Coordena\u00e7\u00e3o do carregamento bidirecional<\/p><p>A norma ISO 15118 continua a evoluir com novas edi\u00e7\u00f5es que respondem a necessidades emergentes. A flexibilidade da norma permite aos fabricantes implementar carater\u00edsticas avan\u00e7adas, mantendo a compatibilidade de base.<\/p>\t\t\t\t\t\t\t\t<\/div>\n\t\t\t\t<\/div>\n\t\t\t\t<div class=\"elementor-element elementor-element-002fa90 elementor-widget elementor-widget-heading\" data-id=\"002fa90\" data-element_type=\"widget\" data-e-type=\"widget\" data-widget_type=\"heading.default\">\n\t\t\t\t<div class=\"elementor-widget-container\">\n\t\t\t\t\t<h3 class=\"elementor-heading-title elementor-size-default\"> Requisitos de seguran\u00e7a ISO 17409<\/h3>\t\t\t\t<\/div>\n\t\t\t\t<\/div>\n\t\t\t\t<div class=\"elementor-element elementor-element-6ea17a3 elementor-widget elementor-widget-text-editor\" data-id=\"6ea17a3\" data-element_type=\"widget\" data-e-type=\"widget\" data-widget_type=\"text-editor.default\">\n\t\t\t\t<div class=\"elementor-widget-container\">\n\t\t\t\t\t\t\t\t\t<p>\u00c9 \u00f3bvio que as normas de seguran\u00e7a para os carregadores de ve\u00edculos el\u00e9ctricos n\u00e3o podem ser comprometidas. A norma ISO 17409 aborda especificamente os requisitos de seguran\u00e7a da transfer\u00eancia de energia condutora para ve\u00edculos de propuls\u00e3o el\u00e9ctrica. A norma abrange cen\u00e1rios de carregamento AC e DC.<\/p><p>Os principais aspectos de seguran\u00e7a abordados incluem:<br \/>1. Requisitos de isolamento el\u00e9trico<br \/>2. Especifica\u00e7\u00f5es da prote\u00e7\u00e3o contra defeitos \u00e0 terra<br \/>3. Par\u00e2metros de prote\u00e7\u00e3o contra sobreintensidades<br \/>4. Procedimentos de paragem de emerg\u00eancia<br \/>5. Classifica\u00e7\u00f5es de prote\u00e7\u00e3o ambiental<br \/>Os fabricantes t\u00eam de demonstrar a conformidade atrav\u00e9s de protocolos de teste rigorosos. Estes requisitos protegem os utilizadores, os ve\u00edculos e as infra-estruturas de riscos el\u00e9ctricos durante as opera\u00e7\u00f5es de carregamento.<\/p>\t\t\t\t\t\t\t\t<\/div>\n\t\t\t\t<\/div>\n\t\t\t\t<div class=\"elementor-element elementor-element-1ffb0e6 elementor-widget elementor-widget-heading\" data-id=\"1ffb0e6\" data-element_type=\"widget\" data-e-type=\"widget\" data-widget_type=\"heading.default\">\n\t\t\t\t<div class=\"elementor-widget-container\">\n\t\t\t\t\t<h3 class=\"elementor-heading-title elementor-size-default\">S\u00e9rie ISO 6469 para seguran\u00e7a de ve\u00edculos<\/h3>\t\t\t\t<\/div>\n\t\t\t\t<\/div>\n\t\t\t\t<div class=\"elementor-element elementor-element-7361f36 elementor-widget elementor-widget-text-editor\" data-id=\"7361f36\" data-element_type=\"widget\" data-e-type=\"widget\" data-widget_type=\"text-editor.default\">\n\t\t\t\t<div class=\"elementor-widget-container\">\n\t\t\t\t\t\t\t\t\t<p>Embora se concentre nos ve\u00edculos e n\u00e3o diretamente nos carregadores, a s\u00e9rie ISO 6469 afecta significativamente os carregadores de ve\u00edculos el\u00e9ctricos. Estas normas regem a seguran\u00e7a el\u00e9ctrica dos ve\u00edculos rodovi\u00e1rios, incluindo as interfaces do sistema de carregamento do lado do ve\u00edculo.<\/p><p>A intera\u00e7\u00e3o entre os requisitos de seguran\u00e7a dos ve\u00edculos e as especifica\u00e7\u00f5es dos carregadores cria interdepend\u00eancias. Os fabricantes de carregadores t\u00eam de compreender as normas do lado do ve\u00edculo para garantir a seguran\u00e7a total do sistema.<\/p>\t\t\t\t\t\t\t\t<\/div>\n\t\t\t\t<\/div>\n\t\t\t\t<div class=\"elementor-element elementor-element-4f37f9d elementor-widget elementor-widget-heading\" data-id=\"4f37f9d\" data-element_type=\"widget\" data-e-type=\"widget\" data-widget_type=\"heading.default\">\n\t\t\t\t<div class=\"elementor-widget-container\">\n\t\t\t\t\t<h2 class=\"elementor-heading-title elementor-size-default\">Varia\u00e7\u00f5es regionais e normas ISO para carregadores de ve\u00edculos el\u00e9ctricos<\/h2>\t\t\t\t<\/div>\n\t\t\t\t<\/div>\n\t\t\t\t<div class=\"elementor-element elementor-element-f16474d elementor-widget elementor-widget-heading\" data-id=\"f16474d\" data-element_type=\"widget\" data-e-type=\"widget\" data-widget_type=\"heading.default\">\n\t\t\t\t<div class=\"elementor-widget-container\">\n\t\t\t\t\t<h3 class=\"elementor-heading-title elementor-size-default\">Como os diferentes mercados aplicam as normas<\/h3>\t\t\t\t<\/div>\n\t\t\t\t<\/div>\n\t\t\t\t<div class=\"elementor-element elementor-element-1ae5622 elementor-widget elementor-widget-text-editor\" data-id=\"1ae5622\" data-element_type=\"widget\" data-e-type=\"widget\" data-widget_type=\"text-editor.default\">\n\t\t\t\t<div class=\"elementor-widget-container\">\n\t\t\t\t\t\t\t\t\t<p>As normas ISO fornecem quadros internacionais, mas a implementa\u00e7\u00e3o regional varia um pouco. Os diferentes mercados privilegiam determinadas normas em detrimento de outras, com base nas condi\u00e7\u00f5es locais e nas infra-estruturas existentes.<\/p>\t\t\t\t\t\t\t\t<\/div>\n\t\t\t\t<\/div>\n\t\t\t\t<div class=\"elementor-element elementor-element-fa3410c elementor-widget elementor-widget-tablepress-table\" data-id=\"fa3410c\" data-element_type=\"widget\" data-e-type=\"widget\" data-widget_type=\"tablepress-table.default\">\n\t\t\t\t\t\n<table id=\"tablepress-57\" class=\"tablepress tablepress-id-57\">\n<thead>\n<tr class=\"row-1\">\n\t<th class=\"column-1\">Regi\u00e3o<\/th><th class=\"column-2\">Normas prim\u00e1rias aplicadas<\/th><th class=\"column-3\">Tipos de conectores comuns<\/th><th class=\"column-4\">Requisitos importantes<\/th>\n<\/tr>\n<\/thead>\n<tbody class=\"row-striping row-hover\">\n<tr class=\"row-2\">\n\t<td class=\"column-1\">Europa<\/td><td class=\"column-2\">ISO 15118, IEC 61851<\/td><td class=\"column-3\">Tipo 2, CCS2<\/td><td class=\"column-4\">Marca\u00e7\u00e3o CE obrigat\u00f3ria<\/td>\n<\/tr>\n<tr class=\"row-3\">\n\t<td class=\"column-1\">Am\u00e9rica do Norte<\/td><td class=\"column-2\">ISO 15118, SAE J1772<\/td><td class=\"column-3\">Tipo 1, CCS1<\/td><td class=\"column-4\">Certifica\u00e7\u00e3o UL t\u00edpica<\/td>\n<\/tr>\n<tr class=\"row-4\">\n\t<td class=\"column-1\">China<\/td><td class=\"column-2\">Normas GB\/T (alinhadas com a ISO)<\/td><td class=\"column-3\">Conectores GB\/T<\/td><td class=\"column-4\">Certifica\u00e7\u00e3o CCC necess\u00e1ria<\/td>\n<\/tr>\n<tr class=\"row-5\">\n\t<td class=\"column-1\">Jap\u00e3o<\/td><td class=\"column-2\">Normas ISO e CHAdeMO<\/td><td class=\"column-3\">Tipo 1, CHAdeMO<\/td><td class=\"column-4\">Necessidade de certifica\u00e7\u00e3o PSE<\/td>\n<\/tr>\n<\/tbody>\n<\/table>\n\t\t\t\t<\/div>\n\t\t\t\t<div class=\"elementor-element elementor-element-4e443f8 elementor-widget elementor-widget-text-editor\" data-id=\"4e443f8\" data-element_type=\"widget\" data-e-type=\"widget\" data-widget_type=\"text-editor.default\">\n\t\t\t\t<div class=\"elementor-widget-container\">\n\t\t\t\t\t\t\t\t\t<p>Compreender as nuances regionais ajuda os fabricantes e instaladores a navegar eficazmente pelos requisitos de conformidade. No entanto, a tend\u00eancia vai no sentido de uma maior harmoniza\u00e7\u00e3o, o que simplifica gradualmente a implementa\u00e7\u00e3o global.<\/p>\t\t\t\t\t\t\t\t<\/div>\n\t\t\t\t<\/div>\n\t\t\t\t<div class=\"elementor-element elementor-element-f1544b7 elementor-widget elementor-widget-heading\" data-id=\"f1544b7\" data-element_type=\"widget\" data-e-type=\"widget\" data-widget_type=\"heading.default\">\n\t\t\t\t<div class=\"elementor-widget-container\">\n\t\t\t\t\t<h3 class=\"elementor-heading-title elementor-size-default\">Desafios da interoperabilidade<\/h3>\t\t\t\t<\/div>\n\t\t\t\t<\/div>\n\t\t\t\t<div class=\"elementor-element elementor-element-92a9607 elementor-widget elementor-widget-text-editor\" data-id=\"92a9607\" data-element_type=\"widget\" data-e-type=\"widget\" data-widget_type=\"text-editor.default\">\n\t\t\t\t<div class=\"elementor-widget-container\">\n\t\t\t\t\t\t\t\t\t<p>Apesar dos esfor\u00e7os de normaliza\u00e7\u00e3o, na pr\u00e1tica, persistem problemas de interoperabilidade com os carregadores de ve\u00edculos el\u00e9ctricos. Diferentes vers\u00f5es da norma, diferentes interpreta\u00e7\u00f5es de implementa\u00e7\u00e3o e equipamentos antigos criam problemas ocasionais de compatibilidade.<\/p><p>As instala\u00e7\u00f5es mais recentes, que seguem as actuais normas ISO, apresentam geralmente menos problemas. As infra-estruturas mais antigas requerem, por vezes, actualiza\u00e7\u00f5es ou modifica\u00e7\u00f5es do firmware para serem totalmente compat\u00edveis com os ve\u00edculos modernos. Esta realidade afecta os operadores de rede que planeiam os ciclos de vida dos equipamentos.<\/p>\t\t\t\t\t\t\t\t<\/div>\n\t\t\t\t<\/div>\n\t\t\t\t<div class=\"elementor-element elementor-element-a741efe elementor-widget elementor-widget-heading\" data-id=\"a741efe\" data-element_type=\"widget\" data-e-type=\"widget\" data-widget_type=\"heading.default\">\n\t\t\t\t<div class=\"elementor-widget-container\">\n\t\t\t\t\t<h2 class=\"elementor-heading-title elementor-size-default\">Requisitos de conformidade para a instala\u00e7\u00e3o de carregadores de ve\u00edculos el\u00e9ctricos<\/h2>\t\t\t\t<\/div>\n\t\t\t\t<\/div>\n\t\t\t\t<div class=\"elementor-element elementor-element-1fbcb9c elementor-widget elementor-widget-heading\" data-id=\"1fbcb9c\" data-element_type=\"widget\" data-e-type=\"widget\" data-widget_type=\"heading.default\">\n\t\t\t\t<div class=\"elementor-widget-container\">\n\t\t\t\t\t<h3 class=\"elementor-heading-title elementor-size-default\">Processos de certifica\u00e7\u00e3o e de ensaio<\/h3>\t\t\t\t<\/div>\n\t\t\t\t<\/div>\n\t\t\t\t<div class=\"elementor-element elementor-element-9b6bfe1 elementor-widget elementor-widget-text-editor\" data-id=\"9b6bfe1\" data-element_type=\"widget\" data-e-type=\"widget\" data-widget_type=\"text-editor.default\">\n\t\t\t\t<div class=\"elementor-widget-container\">\n\t\t\t\t\t\t\t\t\t<p>A certifica\u00e7\u00e3o dos carregadores de ve\u00edculos el\u00e9ctricos implica a realiza\u00e7\u00e3o de testes sistem\u00e1ticos em rela\u00e7\u00e3o \u00e0s normas aplic\u00e1veis. Os laborat\u00f3rios de ensaio avaliam a seguran\u00e7a el\u00e9ctrica, os protocolos de comunica\u00e7\u00e3o, a resist\u00eancia ambiental e o desempenho funcional.<\/p><p>O processo de certifica\u00e7\u00e3o inclui normalmente:<br \/>1. Revis\u00e3o do projeto e avalia\u00e7\u00e3o da documenta\u00e7\u00e3o<br \/>2. Ensaios de prot\u00f3tipos em laborat\u00f3rios acreditados<br \/>3. Avalia\u00e7\u00e3o da gest\u00e3o da qualidade da produ\u00e7\u00e3o<br \/>4. Auditorias de controlo peri\u00f3dicas ap\u00f3s a certifica\u00e7\u00e3o<br \/>5. Recertifica\u00e7\u00e3o quando as normas sofrem actualiza\u00e7\u00f5es significativas<\/p><p>A neglig\u00eancia na certifica\u00e7\u00e3o cria riscos de responsabilidade e problemas de acesso ao mercado. Os fabricantes de renome investem adequadamente em programas de conformidade abrangentes.<\/p>\t\t\t\t\t\t\t\t<\/div>\n\t\t\t\t<\/div>\n\t\t\t\t<div class=\"elementor-element elementor-element-028f513 elementor-widget elementor-widget-heading\" data-id=\"028f513\" data-element_type=\"widget\" data-e-type=\"widget\" data-widget_type=\"heading.default\">\n\t\t\t\t<div class=\"elementor-widget-container\">\n\t\t\t\t\t<h3 class=\"elementor-heading-title elementor-size-default\">Requisitos de documenta\u00e7\u00e3o e marca\u00e7\u00e3o<\/h3>\t\t\t\t<\/div>\n\t\t\t\t<\/div>\n\t\t\t\t<div class=\"elementor-element elementor-element-893ce75 elementor-widget elementor-widget-text-editor\" data-id=\"893ce75\" data-element_type=\"widget\" data-e-type=\"widget\" data-widget_type=\"text-editor.default\">\n\t\t\t\t<div class=\"elementor-widget-container\">\n\t\t\t\t\t\t\t\t\t<p>A documenta\u00e7\u00e3o adequada acompanha os carregadores de ve\u00edculos el\u00e9ctricos conformes. Os utilizadores e instaladores precisam de ter acesso a especifica\u00e7\u00f5es, requisitos de instala\u00e7\u00e3o e informa\u00e7\u00f5es de seguran\u00e7a. As normas ISO especificam os requisitos m\u00ednimos de documenta\u00e7\u00e3o.<\/p><p>As marca\u00e7\u00f5es no equipamento devem indicar claramente o estado de conformidade. Os log\u00f3tipos de certifica\u00e7\u00e3o, as classifica\u00e7\u00f5es de tens\u00e3o, as classifica\u00e7\u00f5es ambientais e a identifica\u00e7\u00e3o do fabricante exigem uma apresenta\u00e7\u00e3o adequada de acordo com os requisitos da norma.<\/p>\t\t\t\t\t\t\t\t<\/div>\n\t\t\t\t<\/div>\n\t\t\t\t<div class=\"elementor-element elementor-element-1a8ce5c elementor-widget elementor-widget-heading\" data-id=\"1a8ce5c\" data-element_type=\"widget\" data-e-type=\"widget\" data-widget_type=\"heading.default\">\n\t\t\t\t<div class=\"elementor-widget-container\">\n\t\t\t\t\t<h2 class=\"elementor-heading-title elementor-size-default\">Desenvolvimentos futuros nas normas ISO para carregadores de ve\u00edculos el\u00e9ctricos<\/h2>\t\t\t\t<\/div>\n\t\t\t\t<\/div>\n\t\t\t\t<div class=\"elementor-element elementor-element-f90b3a5 elementor-widget elementor-widget-heading\" data-id=\"f90b3a5\" data-element_type=\"widget\" data-e-type=\"widget\" data-widget_type=\"heading.default\">\n\t\t\t\t<div class=\"elementor-widget-container\">\n\t\t\t\t\t<h3 class=\"elementor-heading-title elementor-size-default\">Considera\u00e7\u00f5es sobre tecnologias emergentes<\/h3>\t\t\t\t<\/div>\n\t\t\t\t<\/div>\n\t\t\t\t<div class=\"elementor-element elementor-element-851991e elementor-widget elementor-widget-text-editor\" data-id=\"851991e\" data-element_type=\"widget\" data-e-type=\"widget\" data-widget_type=\"text-editor.default\">\n\t\t\t\t<div class=\"elementor-widget-container\">\n\t\t\t\t\t\t\t\t\t<p>A tecnologia de carregamento evolui rapidamente. O carregamento sem fios, o carregamento ultrarr\u00e1pido superior a 350 kW e as capacidades de liga\u00e7\u00e3o do ve\u00edculo \u00e0 rede exigem o desenvolvimento de normas. Os grupos de trabalho da ISO abordam ativamente estas necessidades emergentes.<\/p><p>As \u00e1reas de desenvolvimento actuais incluem:<br \/>- Sistemas de carregamento de megawatts para ve\u00edculos comerciais<br \/>- Sistemas de liga\u00e7\u00e3o automatizados para ve\u00edculos aut\u00f3nomos<br \/>- Requisitos refor\u00e7ados em mat\u00e9ria de ciberseguran\u00e7a<br \/>- Protocolos de carregamento bidirecional normalizados<\/p><p>Manter-se atualizado com o desenvolvimento de normas ajuda os fabricantes a preparar os produtos para as futuras exig\u00eancias do mercado. A participa\u00e7\u00e3o em comit\u00e9s de normas proporciona uma vis\u00e3o antecipada valiosa.<\/p>\t\t\t\t\t\t\t\t<\/div>\n\t\t\t\t<\/div>\n\t\t\t\t<div class=\"elementor-element elementor-element-863509a elementor-widget elementor-widget-heading\" data-id=\"863509a\" data-element_type=\"widget\" data-e-type=\"widget\" data-widget_type=\"heading.default\">\n\t\t\t\t<div class=\"elementor-widget-container\">\n\t\t\t\t\t<h3 class=\"elementor-heading-title elementor-size-default\">Tend\u00eancias de harmoniza\u00e7\u00e3o<\/h3>\t\t\t\t<\/div>\n\t\t\t\t<\/div>\n\t\t\t\t<div class=\"elementor-element elementor-element-a916b3c elementor-widget elementor-widget-text-editor\" data-id=\"a916b3c\" data-element_type=\"widget\" data-e-type=\"widget\" data-widget_type=\"text-editor.default\">\n\t\t\t\t<div class=\"elementor-widget-container\">\n\t\t\t\t\t\t\t\t\t<p>A harmoniza\u00e7\u00e3o global das normas para carregadores de ve\u00edculos el\u00e9ctricos continua a progredir. As diferen\u00e7as entre as normas regionais criam inefici\u00eancias para os fabricantes que servem v\u00e1rios mercados. A press\u00e3o da ind\u00fastria favorece a converg\u00eancia para requisitos unificados.<\/p><p>A estrutura internacional da ISO posiciona-a bem para conduzir os esfor\u00e7os de harmoniza\u00e7\u00e3o. A colabora\u00e7\u00e3o com organismos de normaliza\u00e7\u00e3o regionais - IEC, SAE e outros - facilita o alinhamento ao longo do tempo.<\/p><p>Se pretender saber mais sobre o aparelho de teste de carregamento de ve\u00edculos el\u00e9ctricos, leia <strong><a href=\"https:\/\/www.mekeltech.com\/pt\/do-ev-chargers-need-to-be-tested\/\">Os carregadores de ve\u00edculos el\u00e9ctricos precisam de ser testados?<\/a><\/strong>?<\/p>\t\t\t\t\t\t\t\t<\/div>\n\t\t\t\t<\/div>\n\t\t\t\t<div class=\"elementor-element elementor-element-964d9cf elementor-position-top elementor-widget elementor-widget-image-box\" data-id=\"964d9cf\" data-element_type=\"widget\" data-e-type=\"widget\" data-widget_type=\"image-box.default\">\n\t\t\t\t<div class=\"elementor-widget-container\">\n\t\t\t\t\t<div class=\"elementor-image-box-wrapper\"><figure class=\"elementor-image-box-img\"><a href=\"https:\/\/www.mekeltech.com\/pt\/product\/20-30-40kw-ev-dc-fast-charger\/\" tabindex=\"-1\"><img decoding=\"async\" width=\"800\" height=\"800\" src=\"https:\/\/www.mekeltech.com\/wp-content\/uploads\/2025\/12\/20-30-40kW-EV-DC-Fast-Charger-3.webp\" class=\"attachment-full size-full wp-image-8284\" alt=\"Carregador r\u00e1pido de 20-30-40kW EV DC\" srcset=\"https:\/\/www.mekeltech.com\/wp-content\/uploads\/2025\/12\/20-30-40kW-EV-DC-Fast-Charger-3.webp 800w, https:\/\/www.mekeltech.com\/wp-content\/uploads\/2025\/12\/20-30-40kW-EV-DC-Fast-Charger-3-300x300.webp 300w, https:\/\/www.mekeltech.com\/wp-content\/uploads\/2025\/12\/20-30-40kW-EV-DC-Fast-Charger-3-150x150.webp 150w, https:\/\/www.mekeltech.com\/wp-content\/uploads\/2025\/12\/20-30-40kW-EV-DC-Fast-Charger-3-768x768.webp 768w, https:\/\/www.mekeltech.com\/wp-content\/uploads\/2025\/12\/20-30-40kW-EV-DC-Fast-Charger-3-12x12.webp 12w\" sizes=\"(max-width: 800px) 100vw, 800px\" \/><\/a><\/figure><div class=\"elementor-image-box-content\"><span class=\"elementor-image-box-title\"><a href=\"https:\/\/www.mekeltech.com\/pt\/product\/20-30-40kw-ev-dc-fast-charger\/\">Carregador r\u00e1pido de 20-30-40kW EV DC<\/a><\/span><\/div><\/div>\t\t\t\t<\/div>\n\t\t\t\t<\/div>\n\t\t\t\t<div class=\"elementor-element elementor-element-04bb8e7 elementor-widget elementor-widget-heading\" data-id=\"04bb8e7\" data-element_type=\"widget\" data-e-type=\"widget\" data-widget_type=\"heading.default\">\n\t\t\t\t<div class=\"elementor-widget-container\">\n\t\t\t\t\t<h2 class=\"elementor-heading-title elementor-size-default\">FAQ<\/h2>\t\t\t\t<\/div>\n\t\t\t\t<\/div>\n\t\t\t\t<div class=\"elementor-element elementor-element-f4c2b34 elementor-widget elementor-widget-n-accordion\" data-id=\"f4c2b34\" data-element_type=\"widget\" data-e-type=\"widget\" data-settings=\"{&quot;default_state&quot;:&quot;expanded&quot;,&quot;max_items_expended&quot;:&quot;one&quot;,&quot;n_accordion_animation_duration&quot;:{&quot;unit&quot;:&quot;ms&quot;,&quot;size&quot;:400,&quot;sizes&quot;:[]}}\" data-widget_type=\"nested-accordion.default\">\n\t\t\t\t<div class=\"elementor-widget-container\">\n\t\t\t\t\t\t\t<div class=\"e-n-accordion\" aria-label=\"Acorde\u00e3o. Abrir liga\u00e7\u00f5es com Enter ou Espa\u00e7o, fechar com Escape e navegar com Setas\">\n\t\t\t\t\t\t<details id=\"e-n-accordion-item-2560\" class=\"e-n-accordion-item\" open>\n\t\t\t\t<summary class=\"e-n-accordion-item-title\" data-accordion-index=\"1\" tabindex=\"0\" aria-expanded=\"true\" aria-controls=\"e-n-accordion-item-2560\" >\n\t\t\t\t\t<span class='e-n-accordion-item-title-header'><div class=\"e-n-accordion-item-title-text\"> Que norma ISO \u00e9 mais importante para os fabricantes de carregadores de ve\u00edculos el\u00e9ctricos? <\/div><\/span>\n\t\t\t\t\t\t\t<span class='e-n-accordion-item-title-icon'>\n\t\t\t<span class='e-opened' ><svg aria-hidden=\"true\" class=\"e-font-icon-svg e-fas-minus\" viewbox=\"0 0 448 512\" xmlns=\"http:\/\/www.w3.org\/2000\/svg\"><path d=\"M416 208H32c-17.67 0-32 14.33-32 32v32c0 17.67 14.33 32 32 32h384c17.67 0 32-14.33 32-32v-32c0-17.67-14.33-32-32-32z\"><\/path><\/svg><\/span>\n\t\t\t<span class='e-closed'><svg aria-hidden=\"true\" class=\"e-font-icon-svg e-fas-plus\" viewbox=\"0 0 448 512\" xmlns=\"http:\/\/www.w3.org\/2000\/svg\"><path d=\"M416 208H272V64c0-17.67-14.33-32-32-32h-32c-17.67 0-32 14.33-32 32v144H32c-17.67 0-32 14.33-32 32v32c0 17.67 14.33 32 32 32h144v144c0 17.67 14.33 32 32 32h32c17.67 0 32-14.33 32-32V304h144c17.67 0 32-14.33 32-32v-32c0-17.67-14.33-32-32-32z\"><\/path><\/svg><\/span>\n\t\t<\/span>\n\n\t\t\t\t\t\t<\/summary>\n\t\t\t\t<div role=\"region\" aria-labelledby=\"e-n-accordion-item-2560\" class=\"elementor-element elementor-element-c80bfa6 e-con-full e-flex e-con e-child\" data-id=\"c80bfa6\" data-element_type=\"container\" data-e-type=\"container\">\n\t\t\t\t<div class=\"elementor-element elementor-element-339c7b9 elementor-widget elementor-widget-text-editor\" data-id=\"339c7b9\" data-element_type=\"widget\" data-e-type=\"widget\" data-widget_type=\"text-editor.default\">\n\t\t\t\t<div class=\"elementor-widget-container\">\n\t\t\t\t\t\t\t\t\t<p>A norma ISO 15118 representa a norma de comunica\u00e7\u00e3o mais importante para o desenvolvimento de carregadores de ve\u00edculos el\u00e9ctricos modernos. No entanto, os fabricantes n\u00e3o podem ignorar as normas de seguran\u00e7a como a ISO 17409 e os requisitos regionais. A conformidade total requer o cumprimento de v\u00e1rias normas em simult\u00e2neo, em vez de se concentrar exclusivamente numa \u00fanica especifica\u00e7\u00e3o.<\/p>\t\t\t\t\t\t\t\t<\/div>\n\t\t\t\t<\/div>\n\t\t\t\t<\/div>\n\t\t\t\t\t<\/details>\n\t\t\t\t\t\t<details id=\"e-n-accordion-item-2561\" class=\"e-n-accordion-item\" >\n\t\t\t\t<summary class=\"e-n-accordion-item-title\" data-accordion-index=\"2\" tabindex=\"-1\" aria-expanded=\"false\" aria-controls=\"e-n-accordion-item-2561\" >\n\t\t\t\t\t<span class='e-n-accordion-item-title-header'><div class=\"e-n-accordion-item-title-text\"> Os carregadores dom\u00e9sticos de ve\u00edculos el\u00e9ctricos necessitam de certifica\u00e7\u00e3o ISO? <\/div><\/span>\n\t\t\t\t\t\t\t<span class='e-n-accordion-item-title-icon'>\n\t\t\t<span class='e-opened' ><svg aria-hidden=\"true\" class=\"e-font-icon-svg e-fas-minus\" viewbox=\"0 0 448 512\" xmlns=\"http:\/\/www.w3.org\/2000\/svg\"><path d=\"M416 208H32c-17.67 0-32 14.33-32 32v32c0 17.67 14.33 32 32 32h384c17.67 0 32-14.33 32-32v-32c0-17.67-14.33-32-32-32z\"><\/path><\/svg><\/span>\n\t\t\t<span class='e-closed'><svg aria-hidden=\"true\" class=\"e-font-icon-svg e-fas-plus\" viewbox=\"0 0 448 512\" xmlns=\"http:\/\/www.w3.org\/2000\/svg\"><path d=\"M416 208H272V64c0-17.67-14.33-32-32-32h-32c-17.67 0-32 14.33-32 32v144H32c-17.67 0-32 14.33-32 32v32c0 17.67 14.33 32 32 32h144v144c0 17.67 14.33 32 32 32h32c17.67 0 32-14.33 32-32V304h144c17.67 0 32-14.33 32-32v-32c0-17.67-14.33-32-32-32z\"><\/path><\/svg><\/span>\n\t\t<\/span>\n\n\t\t\t\t\t\t<\/summary>\n\t\t\t\t<div role=\"region\" aria-labelledby=\"e-n-accordion-item-2561\" class=\"elementor-element elementor-element-3f684a2 e-con-full e-flex e-con e-child\" data-id=\"3f684a2\" data-element_type=\"container\" data-e-type=\"container\">\n\t\t\t\t<div class=\"elementor-element elementor-element-8fa41e5 elementor-widget elementor-widget-text-editor\" data-id=\"8fa41e5\" data-element_type=\"widget\" data-e-type=\"widget\" data-widget_type=\"text-editor.default\">\n\t\t\t\t<div class=\"elementor-widget-container\">\n\t\t\t\t\t\t\t\t\t<p>O equipamento de carregamento dom\u00e9stico - frequentemente designado por carregadores de N\u00edvel 2 - deve cumprir as normas de seguran\u00e7a aplic\u00e1veis para aprova\u00e7\u00e3o da instala\u00e7\u00e3o residencial. Embora se apliquem as normas ISO, os c\u00f3digos el\u00e9ctricos regionais e os requisitos de certifica\u00e7\u00e3o (UL, CE, etc.) regem normalmente o acesso ao mercado de forma mais direta. A aquisi\u00e7\u00e3o de equipamento certificado de fabricantes conceituados garante a conformidade sem exigir esfor\u00e7os de verifica\u00e7\u00e3o individuais.<\/p>\t\t\t\t\t\t\t\t<\/div>\n\t\t\t\t<\/div>\n\t\t\t\t<\/div>\n\t\t\t\t\t<\/details>\n\t\t\t\t\t\t<details id=\"e-n-accordion-item-2562\" class=\"e-n-accordion-item\" >\n\t\t\t\t<summary class=\"e-n-accordion-item-title\" data-accordion-index=\"3\" tabindex=\"-1\" aria-expanded=\"false\" aria-controls=\"e-n-accordion-item-2562\" >\n\t\t\t\t\t<span class='e-n-accordion-item-title-header'><div class=\"e-n-accordion-item-title-text\"> Com que frequ\u00eancia s\u00e3o actualizadas as normas ISO para os carregadores de ve\u00edculos el\u00e9ctricos? <\/div><\/span>\n\t\t\t\t\t\t\t<span class='e-n-accordion-item-title-icon'>\n\t\t\t<span class='e-opened' ><svg aria-hidden=\"true\" class=\"e-font-icon-svg e-fas-minus\" viewbox=\"0 0 448 512\" xmlns=\"http:\/\/www.w3.org\/2000\/svg\"><path d=\"M416 208H32c-17.67 0-32 14.33-32 32v32c0 17.67 14.33 32 32 32h384c17.67 0 32-14.33 32-32v-32c0-17.67-14.33-32-32-32z\"><\/path><\/svg><\/span>\n\t\t\t<span class='e-closed'><svg aria-hidden=\"true\" class=\"e-font-icon-svg e-fas-plus\" viewbox=\"0 0 448 512\" xmlns=\"http:\/\/www.w3.org\/2000\/svg\"><path d=\"M416 208H272V64c0-17.67-14.33-32-32-32h-32c-17.67 0-32 14.33-32 32v144H32c-17.67 0-32 14.33-32 32v32c0 17.67 14.33 32 32 32h144v144c0 17.67 14.33 32 32 32h32c17.67 0 32-14.33 32-32V304h144c17.67 0 32-14.33 32-32v-32c0-17.67-14.33-32-32-32z\"><\/path><\/svg><\/span>\n\t\t<\/span>\n\n\t\t\t\t\t\t<\/summary>\n\t\t\t\t<div role=\"region\" aria-labelledby=\"e-n-accordion-item-2562\" class=\"elementor-element elementor-element-2ed4469 e-con-full e-flex e-con e-child\" data-id=\"2ed4469\" data-element_type=\"container\" data-e-type=\"container\">\n\t\t\t\t<div class=\"elementor-element elementor-element-f2a33db elementor-widget elementor-widget-text-editor\" data-id=\"f2a33db\" data-element_type=\"widget\" data-e-type=\"widget\" data-widget_type=\"text-editor.default\">\n\t\t\t\t<div class=\"elementor-widget-container\">\n\t\t\t\t\t\t\t\t\t<p>As normas ISO s\u00e3o objeto de ciclos de revis\u00e3o peri\u00f3dicos, normalmente de cinco em cinco anos, embora altera\u00e7\u00f5es tecnol\u00f3gicas significativas possam desencadear revis\u00f5es mais precoces. A r\u00e1pida evolu\u00e7\u00e3o recente da tecnologia de carregamento acelerou as actualiza\u00e7\u00f5es neste sector especificamente. Os fabricantes devem monitorizar as actividades de desenvolvimento de normas e planear as actualiza\u00e7\u00f5es dos produtos em conformidade para manter a conformidade com os requisitos actuais.<\/p>\t\t\t\t\t\t\t\t<\/div>\n\t\t\t\t<\/div>\n\t\t\t\t<\/div>\n\t\t\t\t\t<\/details>\n\t\t\t\t\t<\/div>\n\t\t\t\t\t\t<\/div>\n\t\t\t\t<\/div>\n\t\t\t\t\t<\/div>\n\t\t\t\t<\/div>\n\t\t\t\t<\/div>","protected":false},"excerpt":{"rendered":"<p>Understanding Why ISO Standards Matter for EV Chargers Electric vehicle adoption keeps accelerating globally. More cars on roads means more charging infrastructure needed everywhere. But here&#8217;s the challenge\u2014without standardization, chaos would reign. Imagine driving to another city and discovering your car cannot connect to available chargers. That scenario frustrated early EV adopters considerably. ISO standards [&hellip;]<\/p>","protected":false},"author":13,"featured_media":8585,"comment_status":"open","ping_status":"open","sticky":false,"template":"","format":"standard","meta":{"_acf_changed":false,"site-sidebar-layout":"default","site-content-layout":"","ast-site-content-layout":"default","site-content-style":"default","site-sidebar-style":"default","ast-global-header-display":"","ast-banner-title-visibility":"","ast-main-header-display":"","ast-hfb-above-header-display":"","ast-hfb-below-header-display":"","ast-hfb-mobile-header-display":"","site-post-title":"","ast-breadcrumbs-content":"","ast-featured-img":"","footer-sml-layout":"","ast-disable-related-posts":"","theme-transparent-header-meta":"","adv-header-id-meta":"","stick-header-meta":"","header-above-stick-meta":"","header-main-stick-meta":"","header-below-stick-meta":"","astra-migrate-meta-layouts":"set","ast-page-background-enabled":"default","ast-page-background-meta":{"desktop":{"background-color":"","background-image":"","background-repeat":"repeat","background-position":"center center","background-size":"auto","background-attachment":"scroll","background-type":"","background-media":"","overlay-type":"","overlay-color":"","overlay-opacity":"","overlay-gradient":""},"tablet":{"background-color":"","background-image":"","background-repeat":"repeat","background-position":"center center","background-size":"auto","background-attachment":"scroll","background-type":"","background-media":"","overlay-type":"","overlay-color":"","overlay-opacity":"","overlay-gradient":""},"mobile":{"background-color":"","background-image":"","background-repeat":"repeat","background-position":"center center","background-size":"auto","background-attachment":"scroll","background-type":"","background-media":"","overlay-type":"","overlay-color":"","overlay-opacity":"","overlay-gradient":""}},"ast-content-background-meta":{"desktop":{"background-color":"var(--ast-global-color-5)","background-image":"","background-repeat":"repeat","background-position":"center center","background-size":"auto","background-attachment":"scroll","background-type":"","background-media":"","overlay-type":"","overlay-color":"","overlay-opacity":"","overlay-gradient":""},"tablet":{"background-color":"var(--ast-global-color-5)","background-image":"","background-repeat":"repeat","background-position":"center center","background-size":"auto","background-attachment":"scroll","background-type":"","background-media":"","overlay-type":"","overlay-color":"","overlay-opacity":"","overlay-gradient":""},"mobile":{"background-color":"var(--ast-global-color-5)","background-image":"","background-repeat":"repeat","background-position":"center center","background-size":"auto","background-attachment":"scroll","background-type":"","background-media":"","overlay-type":"","overlay-color":"","overlay-opacity":"","overlay-gradient":""}},"footnotes":""},"categories":[132],"tags":[],"class_list":["post-8915","post","type-post","status-publish","format-standard","has-post-thumbnail","hentry","category-knowledge"],"acf":[],"_links":{"self":[{"href":"https:\/\/www.mekeltech.com\/pt\/wp-json\/wp\/v2\/posts\/8915","targetHints":{"allow":["GET"]}}],"collection":[{"href":"https:\/\/www.mekeltech.com\/pt\/wp-json\/wp\/v2\/posts"}],"about":[{"href":"https:\/\/www.mekeltech.com\/pt\/wp-json\/wp\/v2\/types\/post"}],"author":[{"embeddable":true,"href":"https:\/\/www.mekeltech.com\/pt\/wp-json\/wp\/v2\/users\/13"}],"replies":[{"embeddable":true,"href":"https:\/\/www.mekeltech.com\/pt\/wp-json\/wp\/v2\/comments?post=8915"}],"version-history":[{"count":17,"href":"https:\/\/www.mekeltech.com\/pt\/wp-json\/wp\/v2\/posts\/8915\/revisions"}],"predecessor-version":[{"id":9342,"href":"https:\/\/www.mekeltech.com\/pt\/wp-json\/wp\/v2\/posts\/8915\/revisions\/9342"}],"wp:featuredmedia":[{"embeddable":true,"href":"https:\/\/www.mekeltech.com\/pt\/wp-json\/wp\/v2\/media\/8585"}],"wp:attachment":[{"href":"https:\/\/www.mekeltech.com\/pt\/wp-json\/wp\/v2\/media?parent=8915"}],"wp:term":[{"taxonomy":"category","embeddable":true,"href":"https:\/\/www.mekeltech.com\/pt\/wp-json\/wp\/v2\/categories?post=8915"},{"taxonomy":"post_tag","embeddable":true,"href":"https:\/\/www.mekeltech.com\/pt\/wp-json\/wp\/v2\/tags?post=8915"}],"curies":[{"name":"wp","href":"https:\/\/api.w.org\/{rel}","templated":true}]}}