{"id":9409,"date":"2026-04-02T16:41:59","date_gmt":"2026-04-02T08:41:59","guid":{"rendered":"https:\/\/www.mekeltech.com\/?p=9409"},"modified":"2026-04-01T16:52:25","modified_gmt":"2026-04-01T08:52:25","slug":"what-is-the-best-portable-charging-station","status":"publish","type":"post","link":"https:\/\/www.mekeltech.com\/fr\/what-is-the-best-portable-charging-station\/","title":{"rendered":"Quelle est la meilleure station de charge portable ?"},"content":{"rendered":"<div data-elementor-type=\"wp-post\" data-elementor-id=\"9409\" class=\"elementor elementor-9409\" data-elementor-post-type=\"post\">\n\t\t\t\t<div class=\"elementor-element elementor-element-8a759bc e-flex e-con-boxed e-con e-parent\" data-id=\"8a759bc\" data-element_type=\"container\" data-e-type=\"container\">\n\t\t\t\t\t<div class=\"e-con-inner\">\n\t\t\t\t<div class=\"elementor-element elementor-element-caaee71 elementor-widget elementor-widget-text-editor\" data-id=\"caaee71\" data-element_type=\"widget\" data-e-type=\"widget\" data-widget_type=\"text-editor.default\">\n\t\t\t\t<div class=\"elementor-widget-container\">\n\t\t\t\t\t\t\t\t\t<p>Il y a eu un regain d'int\u00e9r\u00eat pour les <a href=\"https:\/\/www.mekeltech.com\/fr\/product-category\/portable-charger\/\"><strong>stations de recharge portables<\/strong><\/a> ces derniers temps. Et c'est logique. L'id\u00e9e d'avoir dans le coffre quelque chose qui puisse sauver un v\u00e9hicule \u00e9lectrique en panne ou apporter de la flexibilit\u00e9 lors d'un voyage est s\u00e9duisante. Mais en p\u00e9n\u00e9trant sur ce march\u00e9 - ou m\u00eame en faisant des recherches en ligne - on d\u00e9couvre rapidement un paysage confus. Certaines unit\u00e9s sont essentiellement de grosses batteries sur roues. D'autres sont des chargeurs compacts qui se branchent sur les prises de courant existantes. Et puis, il y a toute la question de la signification du terme \"portable\" lorsqu'il s'agit de recharger un v\u00e9hicule \u00e9lectrique.<\/p><p>Il s'agit d'un regard sur ce qui compte r\u00e9ellement lorsque l'on fait le tri parmi les options, en se basant sur la fa\u00e7on dont ces choses se comportent dans le monde r\u00e9el.<\/p>\t\t\t\t\t\t\t\t<\/div>\n\t\t\t\t<\/div>\n\t\t\t\t<div class=\"elementor-element elementor-element-0641e9a elementor-widget__width-initial elementor-widget elementor-widget-image\" data-id=\"0641e9a\" data-element_type=\"widget\" data-e-type=\"widget\" data-widget_type=\"image.default\">\n\t\t\t\t<div class=\"elementor-widget-container\">\n\t\t\t\t\t\t\t\t\t\t\t\t\t\t\t<img fetchpriority=\"high\" decoding=\"async\" width=\"800\" height=\"800\" src=\"https:\/\/www.mekeltech.com\/wp-content\/uploads\/2026\/02\/Portable-EVSE-Tester.webp\" class=\"attachment-large size-large wp-image-8757\" alt=\"Testeur d&#039;EVSE portable\" srcset=\"https:\/\/www.mekeltech.com\/wp-content\/uploads\/2026\/02\/Portable-EVSE-Tester.webp 800w, https:\/\/www.mekeltech.com\/wp-content\/uploads\/2026\/02\/Portable-EVSE-Tester-300x300.webp 300w, https:\/\/www.mekeltech.com\/wp-content\/uploads\/2026\/02\/Portable-EVSE-Tester-150x150.webp 150w, https:\/\/www.mekeltech.com\/wp-content\/uploads\/2026\/02\/Portable-EVSE-Tester-768x768.webp 768w, https:\/\/www.mekeltech.com\/wp-content\/uploads\/2026\/02\/Portable-EVSE-Tester-12x12.webp 12w\" sizes=\"(max-width: 800px) 100vw, 800px\" \/>\t\t\t\t\t\t\t\t\t\t\t\t\t\t\t<\/div>\n\t\t\t\t<\/div>\n\t\t\t\t<div class=\"elementor-element elementor-element-e135794 elementor-widget elementor-widget-heading\" data-id=\"e135794\" data-element_type=\"widget\" data-e-type=\"widget\" data-widget_type=\"heading.default\">\n\t\t\t\t<div class=\"elementor-widget-container\">\n\t\t\t\t\t<h2 class=\"elementor-heading-title elementor-size-default\">Qu'est-ce qu'une station de recharge portable ?<\/h2>\t\t\t\t<\/div>\n\t\t\t\t<\/div>\n\t\t\t\t<div class=\"elementor-element elementor-element-062e244 elementor-widget elementor-widget-text-editor\" data-id=\"062e244\" data-element_type=\"widget\" data-e-type=\"widget\" data-widget_type=\"text-editor.default\">\n\t\t\t\t<div class=\"elementor-widget-container\">\n\t\t\t\t\t\t\t\t\t<p>Tout d'abord, une petite pr\u00e9cision. Lorsque les gens cherchent une station de recharge portable, ils recherchent souvent deux choses diff\u00e9rentes. L'une est une unit\u00e9 aliment\u00e9e par batterie qui stocke l'\u00e9nergie et peut recharger un VE n'importe o\u00f9, comme une banque d'\u00e9nergie g\u00e9ante. L'autre est un chargeur portable pour VE qui se branche sur une prise de courant standard ou une prise de courant plus puissante (comme une prise NEMA 14-50) et qui peut \u00eatre transport\u00e9 dans le v\u00e9hicule.<\/p><p>Il s'agit de produits tr\u00e8s diff\u00e9rents. Un chargeur \u00e0 batterie offre une v\u00e9ritable capacit\u00e9 hors r\u00e9seau, mais son co\u00fbt est nettement plus \u00e9lev\u00e9 et il est plus lourd. Un chargeur portable \u00e0 brancher est essentiellement une version mobile de ce qui est fix\u00e9 au mur \u00e0 la maison - il a besoin d'une prise de courant, mais il est l\u00e9ger et relativement abordable.<\/p><p>La plupart des personnes qui s'interrogent sur la meilleure station de charge portable recherchent en fait la deuxi\u00e8me solution : un chargeur de niveau 2 qu'ils peuvent garder dans la voiture pour plus de flexibilit\u00e9.<\/p>\t\t\t\t\t\t\t\t<\/div>\n\t\t\t\t<\/div>\n\t\t\t\t<div class=\"elementor-element elementor-element-e8ebe55 elementor-widget elementor-widget-heading\" data-id=\"e8ebe55\" data-element_type=\"widget\" data-e-type=\"widget\" data-widget_type=\"heading.default\">\n\t\t\t\t<div class=\"elementor-widget-container\">\n\t\t\t\t\t<h2 class=\"elementor-heading-title elementor-size-default\"> Des caract\u00e9ristiques essentielles qui comptent vraiment<\/h2>\t\t\t\t<\/div>\n\t\t\t\t<\/div>\n\t\t\t\t<div class=\"elementor-element elementor-element-9226696 elementor-widget elementor-widget-text-editor\" data-id=\"9226696\" data-element_type=\"widget\" data-e-type=\"widget\" data-widget_type=\"text-editor.default\">\n\t\t\t\t<div class=\"elementor-widget-container\">\n\t\t\t\t\t\t\t\t\t<p>Ces appareils font l'objet d'un grand battage marketing. Mais quelques sp\u00e9cifications font la diff\u00e9rence entre un appareil qui fonctionne bien et un appareil qui finit par \u00eatre frustrant.<\/p>\t\t\t\t\t\t\t\t<\/div>\n\t\t\t\t<\/div>\n\t\t\t\t<div class=\"elementor-element elementor-element-e976c47 elementor-widget elementor-widget-heading\" data-id=\"e976c47\" data-element_type=\"widget\" data-e-type=\"widget\" data-widget_type=\"heading.default\">\n\t\t\t\t<div class=\"elementor-widget-container\">\n\t\t\t\t\t<h3 class=\"elementor-heading-title elementor-size-default\">Puissance de sortie<\/h3>\t\t\t\t<\/div>\n\t\t\t\t<\/div>\n\t\t\t\t<div class=\"elementor-element elementor-element-e1e8138 elementor-widget elementor-widget-text-editor\" data-id=\"e1e8138\" data-element_type=\"widget\" data-e-type=\"widget\" data-widget_type=\"text-editor.default\">\n\t\t\t\t<div class=\"elementor-widget-container\">\n\t\t\t\t\t\t\t\t\t<p>La puissance d'un chargeur portable de niveau 2 est g\u00e9n\u00e9ralement comprise entre 7 kW et 22 kW. Plus la puissance est \u00e9lev\u00e9e, plus la charge est rapide. Mais il y a un hic : la prise de courant doit le supporter. Une unit\u00e9 de 7 kW fonctionne avec un circuit de 30 amp\u00e8res (courant dans les vieilles maisons ou les terrains de camping). Une unit\u00e9 de 22 kW a besoin d'un circuit de 100 amp\u00e8res, ce qui est moins courant dans les sc\u00e9narios portables.<\/p><p>En observant la fa\u00e7on dont les gens les utilisent, une <a href=\"https:\/\/www.mekeltech.com\/fr\/product\/7-22kw-portable-ev-charger-offerings\/\"><strong>Chargeur portable pour VE de 7 \u00e0 22 kW<\/strong><\/a> a tendance \u00e0 trouver son bonheur. Il est suffisamment rapide pour offrir une autonomie significative lors d'un arr\u00eat repas, mais ne n\u00e9cessite pas d'infrastructure \u00e9lectrique sp\u00e9cialis\u00e9e difficile \u00e0 trouver.<\/p>\t\t\t\t\t\t\t\t<\/div>\n\t\t\t\t<\/div>\n\t\t\t\t<div class=\"elementor-element elementor-element-c01374f elementor-position-top elementor-widget elementor-widget-image-box\" data-id=\"c01374f\" data-element_type=\"widget\" data-e-type=\"widget\" data-widget_type=\"image-box.default\">\n\t\t\t\t<div class=\"elementor-widget-container\">\n\t\t\t\t\t<div class=\"elementor-image-box-wrapper\"><figure class=\"elementor-image-box-img\"><a href=\"https:\/\/www.mekeltech.com\/fr\/product\/7-22kw-portable-ev-charger-offerings\/\" tabindex=\"-1\"><img decoding=\"async\" width=\"800\" height=\"800\" src=\"https:\/\/www.mekeltech.com\/wp-content\/uploads\/2025\/08\/36.webp\" class=\"attachment-full size-full wp-image-7036\" alt=\"Chargeur portable EV 7-22kW\" srcset=\"https:\/\/www.mekeltech.com\/wp-content\/uploads\/2025\/08\/36.webp 800w, https:\/\/www.mekeltech.com\/wp-content\/uploads\/2025\/08\/36-300x300.webp 300w, https:\/\/www.mekeltech.com\/wp-content\/uploads\/2025\/08\/36-150x150.webp 150w, https:\/\/www.mekeltech.com\/wp-content\/uploads\/2025\/08\/36-768x768.webp 768w, https:\/\/www.mekeltech.com\/wp-content\/uploads\/2025\/08\/36-12x12.webp 12w\" sizes=\"(max-width: 800px) 100vw, 800px\" \/><\/a><\/figure><div class=\"elementor-image-box-content\"><span class=\"elementor-image-box-title\"><a href=\"https:\/\/www.mekeltech.com\/fr\/product\/7-22kw-portable-ev-charger-offerings\/\">Chargeur portable EV 7-22kW<\/a><\/span><\/div><\/div>\t\t\t\t<\/div>\n\t\t\t\t<\/div>\n\t\t\t\t<div class=\"elementor-element elementor-element-5d9d640 elementor-widget elementor-widget-heading\" data-id=\"5d9d640\" data-element_type=\"widget\" data-e-type=\"widget\" data-widget_type=\"heading.default\">\n\t\t\t\t<div class=\"elementor-widget-container\">\n\t\t\t\t\t<h3 class=\"elementor-heading-title elementor-size-default\">Type de connecteur<\/h3>\t\t\t\t<\/div>\n\t\t\t\t<\/div>\n\t\t\t\t<div class=\"elementor-element elementor-element-923439e elementor-widget elementor-widget-text-editor\" data-id=\"923439e\" data-element_type=\"widget\" data-e-type=\"widget\" data-widget_type=\"text-editor.default\">\n\t\t\t\t<div class=\"elementor-widget-container\">\n\t\t\t\t\t\t\t\t\t<p>Cela semble \u00e9vident, mais il est bon de le pr\u00e9ciser : le connecteur doit correspondre au v\u00e9hicule. En Am\u00e9rique du Nord, il s'agit de la norme J1772 pour la charge de niveau 2. Certaines unit\u00e9s portables sont \u00e9galement \u00e9quip\u00e9es de fiches interchangeables pour diff\u00e9rents types de prises : une fiche domestique standard 5-15 pour une charge lente, et une fiche NEMA 14-50 pour une charge plus rapide dans les parcs pour v\u00e9hicules de loisirs.<\/p>\t\t\t\t\t\t\t\t<\/div>\n\t\t\t\t<\/div>\n\t\t\t\t<div class=\"elementor-element elementor-element-3365b46 elementor-widget elementor-widget-tablepress-table\" data-id=\"3365b46\" data-element_type=\"widget\" data-e-type=\"widget\" data-widget_type=\"tablepress-table.default\">\n\t\t\t\t\t\n<table id=\"tablepress-80\" class=\"tablepress tablepress-id-80\">\n<thead>\n<tr class=\"row-1\">\n\t<th class=\"column-1\">Niveau de puissance<\/th><th class=\"column-2\">Sortie typique<\/th><th class=\"column-3\">Miles ajout\u00e9s par heure<\/th><th class=\"column-4\">Meilleur cas d'utilisation<\/th>\n<\/tr>\n<\/thead>\n<tbody class=\"row-striping row-hover\">\n<tr class=\"row-2\">\n\t<td class=\"column-1\">1,4-1,9 kW<\/td><td class=\"column-2\">M\u00e9nage standard 5-15<\/td><td class=\"column-3\">3-5 miles<\/td><td class=\"column-4\">Chargement d'urgence pendant la nuit<\/td>\n<\/tr>\n<tr class=\"row-3\">\n\t<td class=\"column-1\">3,3-3,8 kW<\/td><td class=\"column-2\">NEMA 6-20 (240V, 20A)<\/td><td class=\"column-3\">10-12 miles<\/td><td class=\"column-4\">Recharge de jour<\/td>\n<\/tr>\n<tr class=\"row-4\">\n\t<td class=\"column-1\">7-9,6 kW<\/td><td class=\"column-2\">NEMA 14-50 (240V, 50A)<\/td><td class=\"column-3\">20-30 miles<\/td><td class=\"column-4\">Terrains de camping, arr\u00eats pour la nuit<\/td>\n<\/tr>\n<tr class=\"row-5\">\n\t<td class=\"column-1\">11-22 kW<\/td><td class=\"column-2\">Prise c\u00e2bl\u00e9e ou sp\u00e9cialis\u00e9e<\/td><td class=\"column-3\">30-60 miles<\/td><td class=\"column-4\">Installations commerciales, rares pour les appareils portatifs<\/td>\n<\/tr>\n<\/tbody>\n<\/table>\n\t\t\t\t<\/div>\n\t\t\t\t<div class=\"elementor-element elementor-element-0b19103 elementor-widget elementor-widget-text-editor\" data-id=\"0b19103\" data-element_type=\"widget\" data-e-type=\"widget\" data-widget_type=\"text-editor.default\">\n\t\t\t\t<div class=\"elementor-widget-container\">\n\t\t\t\t\t\t\t\t\t<p>La cat\u00e9gorie 7-9,6 kW est celle dans laquelle se situent la plupart des chargeurs portables de niveau 2. Il s'agit d'un bon \u00e9quilibre entre la vitesse et la disponibilit\u00e9 de prises compatibles.<\/p>\t\t\t\t\t\t\t\t<\/div>\n\t\t\t\t<\/div>\n\t\t\t\t<div class=\"elementor-element elementor-element-ba58553 elementor-widget elementor-widget-heading\" data-id=\"ba58553\" data-element_type=\"widget\" data-e-type=\"widget\" data-widget_type=\"heading.default\">\n\t\t\t\t<div class=\"elementor-widget-container\">\n\t\t\t\t\t<h2 class=\"elementor-heading-title elementor-size-default\">Qualit\u00e9 de construction et durabilit\u00e9<\/h2>\t\t\t\t<\/div>\n\t\t\t\t<\/div>\n\t\t\t\t<div class=\"elementor-element elementor-element-12f2a4b elementor-widget elementor-widget-text-editor\" data-id=\"12f2a4b\" data-element_type=\"widget\" data-e-type=\"widget\" data-widget_type=\"text-editor.default\">\n\t\t\t\t<div class=\"elementor-widget-container\">\n\t\t\t\t\t\t\t\t\t<p>Un chargeur portable est jet\u00e9 dans le coffre, tra\u00een\u00e9 sous la pluie et parfois pi\u00e9tin\u00e9. Ceux qui r\u00e9sistent ont quelques caract\u00e9ristiques en commun :<br \/>- Bo\u00eetier robuste : Pas n\u00e9cessairement en m\u00e9tal, mais en plastique \u00e9pais et r\u00e9sistant aux UV, qui ne se fissure pas apr\u00e8s quelques saisons.<br \/>- Qualit\u00e9 du c\u00e2ble : Souple par temps froid, il ne devient pas rigide. Les connecteurs doivent \u00eatre dot\u00e9s d'une d\u00e9charge de traction qui fonctionne r\u00e9ellement.<br \/>- \u00c9tanch\u00e9it\u00e9 aux intemp\u00e9ries : M\u00eame s'il est portable, il sera utilis\u00e9 \u00e0 l'ext\u00e9rieur. Un classement NEMA 4 ou 4X signifie qu'il peut r\u00e9sister \u00e0 la pluie et \u00e0 la poussi\u00e8re.<\/p><p>Les appareils moins chers ont tendance \u00e0 n\u00e9gliger l'\u00e9paisseur du c\u00e2ble. Un c\u00e2ble fin s'\u00e9chauffe plus rapidement lors d'une charge prolong\u00e9e et peut d\u00e9clencher des disjoncteurs. Ce n'est pas l'id\u00e9al si vous utilisez votre appareil en dehors de chez vous.<\/p>\t\t\t\t\t\t\t\t<\/div>\n\t\t\t\t<\/div>\n\t\t\t\t<div class=\"elementor-element elementor-element-a28d6d3 elementor-widget elementor-widget-heading\" data-id=\"a28d6d3\" data-element_type=\"widget\" data-e-type=\"widget\" data-widget_type=\"heading.default\">\n\t\t\t\t<div class=\"elementor-widget-container\">\n\t\t\t\t\t<h2 class=\"elementor-heading-title elementor-size-default\">Les fonctions intelligentes - n\u00e9cessaires ou agr\u00e9ables ?<\/h2>\t\t\t\t<\/div>\n\t\t\t\t<\/div>\n\t\t\t\t<div class=\"elementor-element elementor-element-a7983fe elementor-widget elementor-widget-text-editor\" data-id=\"a7983fe\" data-element_type=\"widget\" data-e-type=\"widget\" data-widget_type=\"text-editor.default\">\n\t\t\t\t<div class=\"elementor-widget-container\">\n\t\t\t\t\t\t\t\t\t<p>Certains chargeurs portables sont dot\u00e9s d'applications, d'une connectivit\u00e9 Wi-Fi et de fonctions de programmation. D'autres sont de simples bo\u00eetiers \u00e0 brancher et \u00e0 recharger.<\/p><p>D'un point de vue pratique, la connectivit\u00e9 des applications sur un appareil portable est parfois exag\u00e9r\u00e9e. Le chargeur est d\u00e9plac\u00e9 d'un endroit \u00e0 l'autre ; le relier au Wi-Fi \u00e0 chaque arr\u00eat est ennuyeux. Cela dit, quelques fonctions intelligentes sont vraiment utiles :<br \/>1. Amp\u00e9rage r\u00e9glable : Permet \u00e0 l'utilisateur de r\u00e9duire le courant s'il n'est pas s\u00fbr du circuit sur lequel il est branch\u00e9.<br \/>2. D\u00e9marrage diff\u00e9r\u00e9 : Utile pour profiter des tarifs en heures creuses en cas de stationnement pendant la nuit.<br \/>3. Affichage de l'\u00e9tat : Un simple \u00e9cran ou des diodes \u00e9lectroluminescentes indiquant la vitesse de charge, la temp\u00e9rature et les d\u00e9faillances - c'est mieux qu'un simple voyant clignotant.<\/p><p>Un affichage qui montre le flux d'\u00e9nergie r\u00e9el est \u00e9tonnamment utile. Il indique imm\u00e9diatement que le chargeur fonctionne correctement, sans qu'il soit n\u00e9cessaire de consulter l'\u00e9cran du v\u00e9hicule.<\/p>\t\t\t\t\t\t\t\t<\/div>\n\t\t\t\t<\/div>\n\t\t\t\t<div class=\"elementor-element elementor-element-f96272b elementor-widget elementor-widget-heading\" data-id=\"f96272b\" data-element_type=\"widget\" data-e-type=\"widget\" data-widget_type=\"heading.default\">\n\t\t\t\t<div class=\"elementor-widget-container\">\n\t\t\t\t\t<h2 class=\"elementor-heading-title elementor-size-default\">Consid\u00e9rations de s\u00e9curit\u00e9<\/h2>\t\t\t\t<\/div>\n\t\t\t\t<\/div>\n\t\t\t\t<div class=\"elementor-element elementor-element-f9451aa elementor-widget elementor-widget-text-editor\" data-id=\"f9451aa\" data-element_type=\"widget\" data-e-type=\"widget\" data-widget_type=\"text-editor.default\">\n\t\t\t\t<div class=\"elementor-widget-container\">\n\t\t\t\t\t\t\t\t\t<p>Cette partie ne re\u00e7oit pas suffisamment d'attention. Une station de charge portable est soumise \u00e0 un courant \u00e9lev\u00e9 pendant des heures. Les dispositifs de s\u00e9curit\u00e9 sont importants.<\/p>\t\t\t\t\t\t\t\t<\/div>\n\t\t\t\t<\/div>\n\t\t\t\t<div class=\"elementor-element elementor-element-212cd17 elementor-widget elementor-widget-heading\" data-id=\"212cd17\" data-element_type=\"widget\" data-e-type=\"widget\" data-widget_type=\"heading.default\">\n\t\t\t\t<div class=\"elementor-widget-container\">\n\t\t\t\t\t<h3 class=\"elementor-heading-title elementor-size-default\">Protection contre les d\u00e9fauts \u00e0 la terre<\/h3>\t\t\t\t<\/div>\n\t\t\t\t<\/div>\n\t\t\t\t<div class=\"elementor-element elementor-element-fffa134 elementor-widget elementor-widget-text-editor\" data-id=\"fffa134\" data-element_type=\"widget\" data-e-type=\"widget\" data-widget_type=\"text-editor.default\">\n\t\t\t\t<div class=\"elementor-widget-container\">\n\t\t\t\t\t\t\t\t\t<p>Tous les chargeurs portables de VE r\u00e9put\u00e9s int\u00e8grent une protection contre les disjoncteurs de fuite \u00e0 la terre. Cette protection est essentielle, car l'utilisateur peut se brancher sur une ancienne prise de courant qui n'est pas \u00e9quip\u00e9e d'un disjoncteur de fuite \u00e0 la terre. Sans cette protection, il y a un risque d'\u00e9lectrocution en cas d'humidit\u00e9.<\/p>\t\t\t\t\t\t\t\t<\/div>\n\t\t\t\t<\/div>\n\t\t\t\t<div class=\"elementor-element elementor-element-47d990c elementor-widget elementor-widget-heading\" data-id=\"47d990c\" data-element_type=\"widget\" data-e-type=\"widget\" data-widget_type=\"heading.default\">\n\t\t\t\t<div class=\"elementor-widget-container\">\n\t\t\t\t\t<h3 class=\"elementor-heading-title elementor-size-default\">Contr\u00f4le de la temp\u00e9rature<\/h3>\t\t\t\t<\/div>\n\t\t\t\t<\/div>\n\t\t\t\t<div class=\"elementor-element elementor-element-299a663 elementor-widget elementor-widget-text-editor\" data-id=\"299a663\" data-element_type=\"widget\" data-e-type=\"widget\" data-widget_type=\"text-editor.default\">\n\t\t\t\t<div class=\"elementor-widget-container\">\n\t\t\t\t\t\t\t\t\t<p>Les bons appareils surveillent la temp\u00e9rature de la prise. Si la prise murale ou le chargeur lui-m\u00eame commence \u00e0 surchauffer (ce qui se produit avec des connexions desserr\u00e9es ou des rallonges bon march\u00e9), l'appareil ralentit ou s'\u00e9teint. C'est l'une des fonctions auxquelles personne ne pense jusqu'\u00e0 ce qu'elle permette d'\u00e9viter un incendie.<\/p>\t\t\t\t\t\t\t\t<\/div>\n\t\t\t\t<\/div>\n\t\t\t\t<div class=\"elementor-element elementor-element-a9affe6 elementor-widget elementor-widget-heading\" data-id=\"a9affe6\" data-element_type=\"widget\" data-e-type=\"widget\" data-widget_type=\"heading.default\">\n\t\t\t\t<div class=\"elementor-widget-container\">\n\t\t\t\t\t<h3 class=\"elementor-heading-title elementor-size-default\">Essais et certification<\/h3>\t\t\t\t<\/div>\n\t\t\t\t<\/div>\n\t\t\t\t<div class=\"elementor-element elementor-element-e4540b1 elementor-widget elementor-widget-text-editor\" data-id=\"e4540b1\" data-element_type=\"widget\" data-e-type=\"widget\" data-widget_type=\"text-editor.default\">\n\t\t\t\t<div class=\"elementor-widget-container\">\n\t\t\t\t\t\t\t\t\t<p>Avant de faire confiance \u00e0 un chargeur portable, en particulier pour un usage r\u00e9gulier, il est important de le tester. L'utilisation d'un <a href=\"https:\/\/www.mekeltech.com\/fr\/product-category\/testing-equipment\/\"><strong>Dispositif de test des chargeurs de VE<\/strong> <\/a>Lors de l'installation initiale, il est possible de v\u00e9rifier que l'appareil d\u00e9livre le courant annonc\u00e9 et que les syst\u00e8mes de s\u00e9curit\u00e9 fonctionnent. C'est une \u00e9tape qui est souvent omise, mais la diff\u00e9rence entre un appareil qui fonctionne de mani\u00e8re fiable et un autre qui provoque des d\u00e9clenchements intempestifs de disjoncteurs r\u00e9side g\u00e9n\u00e9ralement dans la qualit\u00e9 des composants internes et dans la mani\u00e8re dont ils ont \u00e9t\u00e9 test\u00e9s avant de quitter l'usine.<\/p>\t\t\t\t\t\t\t\t<\/div>\n\t\t\t\t<\/div>\n\t\t\t\t<div class=\"elementor-element elementor-element-91e84b3 elementor-widget__width-initial elementor-widget elementor-widget-image\" data-id=\"91e84b3\" data-element_type=\"widget\" data-e-type=\"widget\" data-widget_type=\"image.default\">\n\t\t\t\t<div class=\"elementor-widget-container\">\n\t\t\t\t\t\t\t\t\t\t\t\t\t\t\t<img decoding=\"async\" width=\"1024\" height=\"768\" src=\"https:\/\/www.mekeltech.com\/wp-content\/uploads\/2025\/06\/2-1024x768.jpeg\" class=\"attachment-large size-large wp-image-4418\" alt=\"Station de recharge pour VE\" srcset=\"https:\/\/www.mekeltech.com\/wp-content\/uploads\/2025\/06\/2-1024x768.jpeg 1024w, https:\/\/www.mekeltech.com\/wp-content\/uploads\/2025\/06\/2-300x225.jpeg 300w, https:\/\/www.mekeltech.com\/wp-content\/uploads\/2025\/06\/2-768x576.jpeg 768w, https:\/\/www.mekeltech.com\/wp-content\/uploads\/2025\/06\/2-16x12.jpeg 16w, https:\/\/www.mekeltech.com\/wp-content\/uploads\/2025\/06\/2.jpeg 1280w\" sizes=\"(max-width: 1024px) 100vw, 1024px\" \/>\t\t\t\t\t\t\t\t\t\t\t\t\t\t\t<\/div>\n\t\t\t\t<\/div>\n\t\t\t\t<div class=\"elementor-element elementor-element-21c594c elementor-widget elementor-widget-heading\" data-id=\"21c594c\" data-element_type=\"widget\" data-e-type=\"widget\" data-widget_type=\"heading.default\">\n\t\t\t\t<div class=\"elementor-widget-container\">\n\t\t\t\t\t<h2 class=\"elementor-heading-title elementor-size-default\">Cas d'utilisation dans le monde r\u00e9el<\/h2>\t\t\t\t<\/div>\n\t\t\t\t<\/div>\n\t\t\t\t<div class=\"elementor-element elementor-element-4b63689 elementor-widget elementor-widget-text-editor\" data-id=\"4b63689\" data-element_type=\"widget\" data-e-type=\"widget\" data-widget_type=\"text-editor.default\">\n\t\t\t\t<div class=\"elementor-widget-container\">\n\t\t\t\t\t\t\t\t\t<p>Les chargeurs portables sont utilis\u00e9s diff\u00e9remment d'une personne \u00e0 l'autre. Le \"meilleur\" d\u00e9pend du sc\u00e9nario.<br \/>- Voyageur itin\u00e9rant : A besoin d'un appareil compact avec des prises interchangeables (14-50 et standard 5-15) pour s'adapter aux terrains de camping et aux prises domestiques d'urgence. La fiabilit\u00e9 est primordiale.<br \/>- V\u00e9hicule de flotte ou de travail : Peut b\u00e9n\u00e9ficier d'un appareil de 11 \u00e0 22 kW de puissance sup\u00e9rieure si l'acc\u00e8s \u00e0 des prises de courant plus puissantes est constant. La durabilit\u00e9 est une priorit\u00e9.<br \/>- Sauvegarde en cas d'urgence : Un appareil plus petit et plus lent qui vit dans le coffre. Il n'a pas besoin de fonctions intelligentes, il doit simplement fonctionner lorsqu'on le sollicite.<\/p><p>Ce qui est int\u00e9ressant, c'est que de nombreuses personnes ach\u00e8tent un chargeur portable et ne l'utilisent que rarement. Mais lorsqu'on en a besoin - une batterie \u00e0 plat dans un endroit isol\u00e9, un chargeur public en panne, un week-end de vacances o\u00f9 toutes les stations sont occup\u00e9es - il devient soudain inestimable.<\/p>\t\t\t\t\t\t\t\t<\/div>\n\t\t\t\t<\/div>\n\t\t\t\t<div class=\"elementor-element elementor-element-45575bc elementor-widget elementor-widget-heading\" data-id=\"45575bc\" data-element_type=\"widget\" data-e-type=\"widget\" data-widget_type=\"heading.default\">\n\t\t\t\t<div class=\"elementor-widget-container\">\n\t\t\t\t\t<h2 class=\"elementor-heading-title elementor-size-default\">Note sur les v\u00e9ritables stations d'accumulateurs portables<\/h2>\t\t\t\t<\/div>\n\t\t\t\t<\/div>\n\t\t\t\t<div class=\"elementor-element elementor-element-03979fc elementor-widget elementor-widget-text-editor\" data-id=\"03979fc\" data-element_type=\"widget\" data-e-type=\"widget\" data-widget_type=\"text-editor.default\">\n\t\t\t\t<div class=\"elementor-widget-container\">\n\t\t\t\t\t\t\t\t\t<p>Il existe \u00e9galement de grandes unit\u00e9s de batterie commercialis\u00e9es en tant que stations de charge portables pour les VE. Il s'agit essentiellement de centrales \u00e9lectriques g\u00e9antes qui stockent de 5 \u00e0 20 kWh d'\u00e9nergie et peuvent produire des vitesses de charge de niveau 2. Elles fonctionnent, mais les compromis sont r\u00e9els :<br \/>- Le poids est souvent de 100 \u00e0 200 livres. Le terme \"portable\" est relatif.<br \/>- Le co\u00fbt est \u00e9lev\u00e9 - souvent de $5 000 \u00e0 $15 000 ou plus.<br \/>- Ils doivent \u00eatre recharg\u00e9s eux-m\u00eames, soit \u00e0 partir de l'\u00e9nergie solaire, soit \u00e0 partir de l'\u00e9nergie du r\u00e9seau.<\/p><p>Pour la plupart des propri\u00e9taires de VE, un chargeur portable de niveau 2 qui se branche sur les prises existantes est la solution la plus pratique. Les unit\u00e9s bas\u00e9es sur des batteries sont adapt\u00e9es \u00e0 des situations sp\u00e9cifiques : sites hors r\u00e9seau, plateaux de tournage ou pr\u00e9paration aux situations d'urgence lorsque le r\u00e9seau \u00e9lectrique n'est pas du tout disponible.<\/p>\t\t\t\t\t\t\t\t<\/div>\n\t\t\t\t<\/div>\n\t\t\t\t\t<\/div>\n\t\t\t\t<\/div>\n\t\t<div class=\"elementor-element elementor-element-7feb9fc8 e-con-full e-flex e-con e-parent\" data-id=\"7feb9fc8\" data-element_type=\"container\" data-e-type=\"container\">\n\t\t\t\t<div class=\"elementor-element elementor-element-6da2dcf9 elementor-widget__width-inherit elementor-widget elementor-widget-heading\" data-id=\"6da2dcf9\" data-element_type=\"widget\" data-e-type=\"widget\" data-widget_type=\"heading.default\">\n\t\t\t\t<div class=\"elementor-widget-container\">\n\t\t\t\t\t<h2 class=\"elementor-heading-title elementor-size-default\">FAQ<\/h2>\t\t\t\t<\/div>\n\t\t\t\t<\/div>\n\t\t\t\t<div class=\"elementor-element elementor-element-76b5fc93 elementor-widget__width-inherit elementor-widget elementor-widget-n-accordion\" data-id=\"76b5fc93\" data-element_type=\"widget\" data-e-type=\"widget\" data-settings=\"{&quot;default_state&quot;:&quot;expanded&quot;,&quot;max_items_expended&quot;:&quot;one&quot;,&quot;n_accordion_animation_duration&quot;:{&quot;unit&quot;:&quot;ms&quot;,&quot;size&quot;:400,&quot;sizes&quot;:[]}}\" data-widget_type=\"nested-accordion.default\">\n\t\t\t\t<div class=\"elementor-widget-container\">\n\t\t\t\t\t\t\t<div class=\"e-n-accordion\" aria-label=\"Accord\u00e9on. Ouvrez les liens avec Enter ou Space, fermez-les avec Escape et naviguez avec les touches fl\u00e9ch\u00e9es.\">\n\t\t\t\t\t\t<details id=\"e-n-accordion-item-1990\" class=\"e-n-accordion-item\" open>\n\t\t\t\t<summary class=\"e-n-accordion-item-title\" data-accordion-index=\"1\" tabindex=\"0\" aria-expanded=\"true\" aria-controls=\"e-n-accordion-item-1990\" >\n\t\t\t\t\t<span class='e-n-accordion-item-title-header'><div class=\"e-n-accordion-item-title-text\"> Puis-je utiliser une borne de recharge portable avec n'importe quel v\u00e9hicule \u00e9lectrique ? <\/div><\/span>\n\t\t\t\t\t\t\t<span class='e-n-accordion-item-title-icon'>\n\t\t\t<span class='e-opened' ><svg aria-hidden=\"true\" class=\"e-font-icon-svg e-fas-minus\" viewbox=\"0 0 448 512\" xmlns=\"http:\/\/www.w3.org\/2000\/svg\"><path d=\"M416 208H32c-17.67 0-32 14.33-32 32v32c0 17.67 14.33 32 32 32h384c17.67 0 32-14.33 32-32v-32c0-17.67-14.33-32-32-32z\"><\/path><\/svg><\/span>\n\t\t\t<span class='e-closed'><svg aria-hidden=\"true\" class=\"e-font-icon-svg e-fas-plus\" viewbox=\"0 0 448 512\" xmlns=\"http:\/\/www.w3.org\/2000\/svg\"><path d=\"M416 208H272V64c0-17.67-14.33-32-32-32h-32c-17.67 0-32 14.33-32 32v144H32c-17.67 0-32 14.33-32 32v32c0 17.67 14.33 32 32 32h144v144c0 17.67 14.33 32 32 32h32c17.67 0 32-14.33 32-32V304h144c17.67 0 32-14.33 32-32v-32c0-17.67-14.33-32-32-32z\"><\/path><\/svg><\/span>\n\t\t<\/span>\n\n\t\t\t\t\t\t<\/summary>\n\t\t\t\t<div role=\"region\" aria-labelledby=\"e-n-accordion-item-1990\" class=\"elementor-element elementor-element-608c1a8f e-con-full e-flex e-con e-child\" data-id=\"608c1a8f\" data-element_type=\"container\" data-e-type=\"container\">\n\t\t\t\t<div class=\"elementor-element elementor-element-33b0ab0d elementor-widget elementor-widget-text-editor\" data-id=\"33b0ab0d\" data-element_type=\"widget\" data-e-type=\"widget\" data-widget_type=\"text-editor.default\">\n\t\t\t\t<div class=\"elementor-widget-container\">\n\t\t\t\t\t\t\t\t\t<p>La plupart des chargeurs portables de niveau 2 utilisent le connecteur J1772, qui fonctionne avec tous les VE non Tesla en Am\u00e9rique du Nord. Les v\u00e9hicules Tesla n\u00e9cessitent un adaptateur J1772 (g\u00e9n\u00e9ralement fourni avec le v\u00e9hicule).<\/p>\t\t\t\t\t\t\t\t<\/div>\n\t\t\t\t<\/div>\n\t\t\t\t<\/div>\n\t\t\t\t\t<\/details>\n\t\t\t\t\t\t<details id=\"e-n-accordion-item-1991\" class=\"e-n-accordion-item\" >\n\t\t\t\t<summary class=\"e-n-accordion-item-title\" data-accordion-index=\"2\" tabindex=\"-1\" aria-expanded=\"false\" aria-controls=\"e-n-accordion-item-1991\" >\n\t\t\t\t\t<span class='e-n-accordion-item-title-header'><div class=\"e-n-accordion-item-title-text\"> \u00c0 quelle vitesse un chargeur portable se recharge-t-il r\u00e9ellement ? <\/div><\/span>\n\t\t\t\t\t\t\t<span class='e-n-accordion-item-title-icon'>\n\t\t\t<span class='e-opened' ><svg aria-hidden=\"true\" class=\"e-font-icon-svg e-fas-minus\" viewbox=\"0 0 448 512\" xmlns=\"http:\/\/www.w3.org\/2000\/svg\"><path d=\"M416 208H32c-17.67 0-32 14.33-32 32v32c0 17.67 14.33 32 32 32h384c17.67 0 32-14.33 32-32v-32c0-17.67-14.33-32-32-32z\"><\/path><\/svg><\/span>\n\t\t\t<span class='e-closed'><svg aria-hidden=\"true\" class=\"e-font-icon-svg e-fas-plus\" viewbox=\"0 0 448 512\" xmlns=\"http:\/\/www.w3.org\/2000\/svg\"><path d=\"M416 208H272V64c0-17.67-14.33-32-32-32h-32c-17.67 0-32 14.33-32 32v144H32c-17.67 0-32 14.33-32 32v32c0 17.67 14.33 32 32 32h144v144c0 17.67 14.33 32 32 32h32c17.67 0 32-14.33 32-32V304h144c17.67 0 32-14.33 32-32v-32c0-17.67-14.33-32-32-32z\"><\/path><\/svg><\/span>\n\t\t<\/span>\n\n\t\t\t\t\t\t<\/summary>\n\t\t\t\t<div role=\"region\" aria-labelledby=\"e-n-accordion-item-1991\" class=\"elementor-element elementor-element-77173b7c e-con-full e-flex e-con e-child\" data-id=\"77173b7c\" data-element_type=\"container\" data-e-type=\"container\">\n\t\t\t\t<div class=\"elementor-element elementor-element-6029bdc5 elementor-widget elementor-widget-text-editor\" data-id=\"6029bdc5\" data-element_type=\"widget\" data-e-type=\"widget\" data-widget_type=\"text-editor.default\">\n\t\t\t\t<div class=\"elementor-widget-container\">\n\t\t\t\t\t\t\t\t\t<p>Un chargeur portable de 7,2 kW augmente l'autonomie de 20 \u00e0 30 miles par heure. La vitesse r\u00e9elle d\u00e9pend du chargeur embarqu\u00e9 du v\u00e9hicule et du circuit \u00e9lectrique disponible.<\/p>\t\t\t\t\t\t\t\t<\/div>\n\t\t\t\t<\/div>\n\t\t\t\t<\/div>\n\t\t\t\t\t<\/details>\n\t\t\t\t\t\t<details id=\"e-n-accordion-item-1992\" class=\"e-n-accordion-item\" >\n\t\t\t\t<summary class=\"e-n-accordion-item-title\" data-accordion-index=\"3\" tabindex=\"-1\" aria-expanded=\"false\" aria-controls=\"e-n-accordion-item-1992\" >\n\t\t\t\t\t<span class='e-n-accordion-item-title-header'><div class=\"e-n-accordion-item-title-text\">  Ai-je besoin d'une prise sp\u00e9ciale pour un chargeur portable de VE ? <\/div><\/span>\n\t\t\t\t\t\t\t<span class='e-n-accordion-item-title-icon'>\n\t\t\t<span class='e-opened' ><svg aria-hidden=\"true\" class=\"e-font-icon-svg e-fas-minus\" viewbox=\"0 0 448 512\" xmlns=\"http:\/\/www.w3.org\/2000\/svg\"><path d=\"M416 208H32c-17.67 0-32 14.33-32 32v32c0 17.67 14.33 32 32 32h384c17.67 0 32-14.33 32-32v-32c0-17.67-14.33-32-32-32z\"><\/path><\/svg><\/span>\n\t\t\t<span class='e-closed'><svg aria-hidden=\"true\" class=\"e-font-icon-svg e-fas-plus\" viewbox=\"0 0 448 512\" xmlns=\"http:\/\/www.w3.org\/2000\/svg\"><path d=\"M416 208H272V64c0-17.67-14.33-32-32-32h-32c-17.67 0-32 14.33-32 32v144H32c-17.67 0-32 14.33-32 32v32c0 17.67 14.33 32 32 32h144v144c0 17.67 14.33 32 32 32h32c17.67 0 32-14.33 32-32V304h144c17.67 0 32-14.33 32-32v-32c0-17.67-14.33-32-32-32z\"><\/path><\/svg><\/span>\n\t\t<\/span>\n\n\t\t\t\t\t\t<\/summary>\n\t\t\t\t<div role=\"region\" aria-labelledby=\"e-n-accordion-item-1992\" class=\"elementor-element elementor-element-48fe12a e-con-full e-flex e-con e-child\" data-id=\"48fe12a\" data-element_type=\"container\" data-e-type=\"container\">\n\t\t\t\t<div class=\"elementor-element elementor-element-b9419b3 elementor-widget elementor-widget-text-editor\" data-id=\"b9419b3\" data-element_type=\"widget\" data-e-type=\"widget\" data-widget_type=\"text-editor.default\">\n\t\t\t\t<div class=\"elementor-widget-container\">\n\t\t\t\t\t\t\t\t\t<p>Une prise domestique standard (120 V) fonctionne mais charge tr\u00e8s lentement. Pour une charge de niveau 2 plus rapide, il est recommand\u00e9 d'utiliser une prise de 240 V comme une prise NEMA 14-50 (que l'on trouve couramment dans les parcs pour v\u00e9hicules de loisirs ou dans les garages).<\/p>\t\t\t\t\t\t\t\t<\/div>\n\t\t\t\t<\/div>\n\t\t\t\t<\/div>\n\t\t\t\t\t<\/details>\n\t\t\t\t\t<\/div>\n\t\t\t\t\t<script type=\"application\/ld+json\">{\n    \"@context\": \"https:\\\/\\\/schema.org\",\n    \"@type\": \"FAQPage\",\n    \"mainEntity\": [\n        {\n            \"@type\": \"Question\",\n            \"name\": \"Can I use a portable charging station with any EV?\",\n            \"acceptedAnswer\": {\n                \"@type\": \"Answer\",\n                \"text\": \"Most portable Level 2 chargers use the J1772 connector, which works with all non-Tesla EVs in North America. Tesla vehicles require a J1772 adapter (usually included with the vehicle).\"\n            }\n        },\n        {\n            \"@type\": \"Question\",\n            \"name\": \"How fast does a portable charger actually charge?\",\n            \"acceptedAnswer\": {\n                \"@type\": \"Answer\",\n                \"text\": \"A 7.2 kW portable charger adds about 20\\u201330 miles of range per hour. Actual speed depends on the vehicle\\u2019s onboard charger and the available electrical circuit.\"\n            }\n        },\n        {\n            \"@type\": \"Question\",\n            \"name\": \"Do I need a special outlet for a portable EV charger?\",\n            \"acceptedAnswer\": {\n                \"@type\": \"Answer\",\n                \"text\": \"A standard household outlet (120V) works but charges very slowly. For faster Level 2 charging, a 240V outlet like a NEMA 14-50 (commonly found at RV parks or installed in garages) is recommended.\"\n            }\n        }\n    ]\n}<\/script>\n\t\t\t\t\t\t\t<\/div>\n\t\t\t\t<\/div>\n\t\t\t\t<\/div>\n\t\t\t\t<\/div>","protected":false},"excerpt":{"rendered":"<p>There\u2019s been a surge of interest in portable charging stations lately. And it makes sense. The idea of having something in the trunk that can rescue a stranded EV or provide flexibility when traveling is appealing. But walking into this market\u2014or even searching online\u2014quickly reveals a confusing landscape. Some units are basically big batteries on [&hellip;]<\/p>","protected":false},"author":13,"featured_media":8699,"comment_status":"open","ping_status":"open","sticky":false,"template":"","format":"standard","meta":{"_acf_changed":false,"site-sidebar-layout":"default","site-content-layout":"","ast-site-content-layout":"default","site-content-style":"default","site-sidebar-style":"default","ast-global-header-display":"","ast-banner-title-visibility":"","ast-main-header-display":"","ast-hfb-above-header-display":"","ast-hfb-below-header-display":"","ast-hfb-mobile-header-display":"","site-post-title":"","ast-breadcrumbs-content":"","ast-featured-img":"","footer-sml-layout":"","ast-disable-related-posts":"","theme-transparent-header-meta":"","adv-header-id-meta":"","stick-header-meta":"","header-above-stick-meta":"","header-main-stick-meta":"","header-below-stick-meta":"","astra-migrate-meta-layouts":"set","ast-page-background-enabled":"default","ast-page-background-meta":{"desktop":{"background-color":"","background-image":"","background-repeat":"repeat","background-position":"center center","background-size":"auto","background-attachment":"scroll","background-type":"","background-media":"","overlay-type":"","overlay-color":"","overlay-opacity":"","overlay-gradient":""},"tablet":{"background-color":"","background-image":"","background-repeat":"repeat","background-position":"center center","background-size":"auto","background-attachment":"scroll","background-type":"","background-media":"","overlay-type":"","overlay-color":"","overlay-opacity":"","overlay-gradient":""},"mobile":{"background-color":"","background-image":"","background-repeat":"repeat","background-position":"center center","background-size":"auto","background-attachment":"scroll","background-type":"","background-media":"","overlay-type":"","overlay-color":"","overlay-opacity":"","overlay-gradient":""}},"ast-content-background-meta":{"desktop":{"background-color":"var(--ast-global-color-5)","background-image":"","background-repeat":"repeat","background-position":"center center","background-size":"auto","background-attachment":"scroll","background-type":"","background-media":"","overlay-type":"","overlay-color":"","overlay-opacity":"","overlay-gradient":""},"tablet":{"background-color":"var(--ast-global-color-5)","background-image":"","background-repeat":"repeat","background-position":"center center","background-size":"auto","background-attachment":"scroll","background-type":"","background-media":"","overlay-type":"","overlay-color":"","overlay-opacity":"","overlay-gradient":""},"mobile":{"background-color":"var(--ast-global-color-5)","background-image":"","background-repeat":"repeat","background-position":"center center","background-size":"auto","background-attachment":"scroll","background-type":"","background-media":"","overlay-type":"","overlay-color":"","overlay-opacity":"","overlay-gradient":""}},"footnotes":""},"categories":[132],"tags":[],"class_list":["post-9409","post","type-post","status-publish","format-standard","has-post-thumbnail","hentry","category-knowledge"],"acf":[],"_links":{"self":[{"href":"https:\/\/www.mekeltech.com\/fr\/wp-json\/wp\/v2\/posts\/9409","targetHints":{"allow":["GET"]}}],"collection":[{"href":"https:\/\/www.mekeltech.com\/fr\/wp-json\/wp\/v2\/posts"}],"about":[{"href":"https:\/\/www.mekeltech.com\/fr\/wp-json\/wp\/v2\/types\/post"}],"author":[{"embeddable":true,"href":"https:\/\/www.mekeltech.com\/fr\/wp-json\/wp\/v2\/users\/13"}],"replies":[{"embeddable":true,"href":"https:\/\/www.mekeltech.com\/fr\/wp-json\/wp\/v2\/comments?post=9409"}],"version-history":[{"count":9,"href":"https:\/\/www.mekeltech.com\/fr\/wp-json\/wp\/v2\/posts\/9409\/revisions"}],"predecessor-version":[{"id":9420,"href":"https:\/\/www.mekeltech.com\/fr\/wp-json\/wp\/v2\/posts\/9409\/revisions\/9420"}],"wp:featuredmedia":[{"embeddable":true,"href":"https:\/\/www.mekeltech.com\/fr\/wp-json\/wp\/v2\/media\/8699"}],"wp:attachment":[{"href":"https:\/\/www.mekeltech.com\/fr\/wp-json\/wp\/v2\/media?parent=9409"}],"wp:term":[{"taxonomy":"category","embeddable":true,"href":"https:\/\/www.mekeltech.com\/fr\/wp-json\/wp\/v2\/categories?post=9409"},{"taxonomy":"post_tag","embeddable":true,"href":"https:\/\/www.mekeltech.com\/fr\/wp-json\/wp\/v2\/tags?post=9409"}],"curies":[{"name":"wp","href":"https:\/\/api.w.org\/{rel}","templated":true}]}}